{"id":40674,"date":"2026-09-03T20:21:24","date_gmt":"2026-09-03T20:21:24","guid":{"rendered":"https:\/\/unicelarchitectural.com\/?p=40674"},"modified":"2026-09-03T20:24:23","modified_gmt":"2026-09-03T20:24:23","slug":"la-penurie-de-talents-en-milieu-de-carriere-un-risque-croissant-pour-le-secteur-aic","status":"publish","type":"post","link":"https:\/\/unicelarchitectural.com\/fr\/la-penurie-de-talents-en-milieu-de-carriere-un-risque-croissant-pour-le-secteur-aic\/","title":{"rendered":"La p\u00e9nurie de talents en milieu de carri\u00e8re : un risque croissant pour le secteur AIC"},"content":{"rendered":"<p>Le secteur de l&rsquo;architecture, de l\u2019ing\u00e9nierie et de la construction (AIC) fait face \u00e0 un d\u00e9fi en mati\u00e8re de talents qui va bien au-del\u00e0 du recrutement des jeunes dipl\u00f4m\u00e9s et de la planification de la rel\u00e8ve des cadres sup\u00e9rieurs. De plus en plus, les firmes sont confront\u00e9es \u00e0 une <strong>p\u00e9nurie de talents en milieu de carri\u00e8re<\/strong> \u2014 une cohorte de professionnels comptant environ 8 \u00e0 15\u00a0ans d\u2019exp\u00e9rience qui s\u2019amenuise. Pourtant, ceux-ci jouent traditionnellement un r\u00f4le cl\u00e9 dans la r\u00e9alisation des projets, le mentorat des jeunes professionnels et la transformation des orientations strat\u00e9giques en solutions constructibles.<\/p>\n<p>Alors que la plupart des discussions dans l\u2019industrie portent sur le recrutement de nouveaux venus ou la gestion des d\u00e9parts \u00e0 la retraite, l\u2019\u00e9rosion de ce niveau interm\u00e9diaire repr\u00e9sente l\u2019un des risques les plus imm\u00e9diats pour la productivit\u00e9, la qualit\u00e9 et la r\u00e9silience organisationnelle.<\/p>\n<p>&nbsp;<\/p>\n<h3>Comprendre la p\u00e9nurie de professionnels en milieu de carri\u00e8re<\/h3>\n<p>Les professionnels en milieu de carri\u00e8re jouent un r\u00f4le de liaison essentiel au sein des organisations du secteur AIC. Ils transmettent le savoir institutionnel d\u2019un projet \u00e0 l\u2019autre, assurent la coordination entre les disciplines et allient rigueur technique \u00e0 un jugement pratique. Toutefois, de nombreuses firmes constatent qu\u2019il demeure difficile de retenir les talents \u00e0 ce stade.<\/p>\n<p>Ce ph\u00e9nom\u00e8ne s\u2019explique en grande partie par des perturbations structurelles qui s\u2019inscrivent dans le long terme. Des chocs \u00e9conomiques tels que la crise financi\u00e8re de 2008 et la pand\u00e9mie de COVID-19 ont interrompu les parcours professionnels traditionnels, poussant de nombreux professionnels \u00e0 quitter l\u2019industrie ou \u00e0 se r\u00e9orienter vers des secteurs connexes. Cette fragmentation est mise en \u00e9vidence par l\u2019analyse de McKinsey &amp; Company sur la volatilit\u00e9 de la main-d\u2019\u0153uvre dans le secteur de la construction, qui souligne une fuite persistante des talents exp\u00e9riment\u00e9s<br \/>\n<a href=\"https:\/\/www.mckinsey.com\/industries\/capital-projects-and-infrastructure\/our-insights\/the-next-normal-in-construction-how-disruption-is-reshaping-the-worlds-largest-ecosystem\">https:\/\/www.mckinsey.com\/industries\/capital-projects-and-infrastructure\/our-insights\/the-next-normal-in-construction-how-disruption-is-reshaping-the-worlds-largest-ecosystem<\/a><\/p>\n<p>Parall\u00e8lement, la complexit\u00e9 croissante des projets et l\u2019intensit\u00e9 de la charge de travail ont accru le risque d\u2019\u00e9puisement professionnel. Les conclusions des Rapports d\u2019enqu\u00eate aupr\u00e8s des firmes de l\u2019American Institute of Architects indiquent que l\u2019absence de perspectives d\u2019\u00e9volution clairement d\u00e9finies et une pression constante sont les principaux facteurs d\u2019attrition des professionnels en milieu de carri\u00e8re <a href=\"https:\/\/www.aia.org\/resources\/6243316-firm-survey-report\">https:\/\/www.aia.org\/resources\/6243316-firm-survey-report<\/a>.<\/p>\n<p>&nbsp;<\/p>\n<h3>Pourquoi cette p\u00e9nurie importe plus que jamais<\/h3>\n<p>La perte de professionnels en milieu de carri\u00e8re survient \u00e0 un moment o\u00f9 les projets du secteur AIC se complexifient sur les plans r\u00e9glementaire, technologique et en mati\u00e8re de coordination. Les mod\u00e8les de livraison num\u00e9rique, les \u00e9ch\u00e9anciers compress\u00e9s et les exigences de conformit\u00e9 accrues requi\u00e8rent de s\u2019appuyer davantage sur des professionnels capables de prendre des d\u00e9cisions en tenant compte du contexte, m\u00eame en situation d&rsquo;incertitude.<\/p>\n<p>Des recherches men\u00e9es par le Construction Industry Institute montrent que les organisations qui ne disposent pas de cadres interm\u00e9diaires exp\u00e9riment\u00e9s enregistrent un plus grand nombre de travaux correctifs, de d\u00e9faillances de coordination et de risques li\u00e9s aux projets<br \/>\n<a href=\"https:\/\/www.construction-institute.org\/resources\/knowledgebase\/workforce-development\">https:\/\/www.construction-institute.org\/resources\/knowledgebase\/workforce-development<\/a>.<\/p>\n<p>&nbsp;<\/p>\n<h3>La technologie red\u00e9finit \u2014 sans remplacer \u2014 les postes en milieu de carri\u00e8re<\/h3>\n<p>L\u2019automatisation, la mod\u00e9lisation des donn\u00e9es du b\u00e2timent (BIM) et les outils bas\u00e9s sur l\u2019IA sont souvent pr\u00e9sent\u00e9s comme des solutions \u00e0 la p\u00e9nurie de main-d\u2019\u0153uvre. Dans la pratique, ces technologies <strong>augmentent l\u2019importance d\u2019un encadrement exp\u00e9riment\u00e9<\/strong> plut\u00f4t que de la r\u00e9duire.<\/p>\n<p>La revue MIT Sloan Management Review souligne que l\u2019IA vient compl\u00e9ter \u2014 plut\u00f4t que remplacer \u2014 le jugement humain, ce qui exige des professionnels capables d\u2019interpr\u00e9ter les r\u00e9sultats, de valider les hypoth\u00e8ses et de g\u00e9rer les cons\u00e9quences en aval<a href=\"https:\/\/sloanreview.mit.edu\/article\/artificial-intelligence-and-the-future-of-work\/\"> https:\/\/sloanreview.mit.edu\/article\/artificial-intelligence-and-the-future-of-work\/<\/a>.<\/p>\n<p>Dans les processus de travail du secteur AIC, cela renforce la valeur des professionnels en milieu de carri\u00e8re, qui ma\u00eetrisent \u00e0 la fois les syst\u00e8mes num\u00e9riques avanc\u00e9s et les contraintes concr\u00e8tes de la construction \u2014 une combinaison de comp\u00e9tences rarement acquise en d\u00e9but de carri\u00e8re.<\/p>\n<p>&nbsp;<\/p>\n<h3>Repenser la fid\u00e9lisation des talents et l\u2019\u00e9volution de carri\u00e8re<\/h3>\n<p>S\u2019attaquer \u00e0 la p\u00e9nurie de talents en milieu de carri\u00e8re exige bien plus que des embauches progressives. Les firmes doivent r\u00e9\u00e9valuer la mani\u00e8re dont sont structur\u00e9s le d\u00e9veloppement du leadership, la reconnaissance et la mobilit\u00e9 professionnelle.<\/p>\n<p>Une \u00e9tude publi\u00e9e dans la revue Harvard Business Review sugg\u00e8re que le d\u00e9sengagement en milieu de carri\u00e8re est souvent d\u00fb \u00e0 des perspectives d\u2019\u00e9volution peu claires et \u00e0 des mod\u00e8les de leadership trop restrictifs <a href=\"https:\/\/hbr.org\/2019\/01\/how-to-keep-your-best-people\">https:\/\/hbr.org\/2019\/01\/how-to-keep-your-best-people<\/a>.<\/p>\n<p>Proposer des voies d\u2019\u00e9volution alternatives \u2014 telles que des parcours de leadership technique, des responsabilit\u00e9s ax\u00e9es sur les projets ou des postes hybrides \u2014 peut aider \u00e0 fid\u00e9liser les professionnels exp\u00e9riment\u00e9s qui ne se reconnaissent pas dans des parcours de management traditionnels.<\/p>\n<p>Un mentorat structur\u00e9 joue \u00e9galement un r\u00f4le cl\u00e9. Lorsque les professionnels en milieu de carri\u00e8re participent \u00e0 des discussions strat\u00e9giques, et non pas seulement \u00e0 l\u2019ex\u00e9cution technique, leur valeur \u00e0 long terme pour l\u2019organisation s\u2019en trouve renforc\u00e9e.<\/p>\n<h3>Constituer un vivier de talents plus r\u00e9silient\u00a0 <\/h3>\n<p>En d\u00e9finitive, combler la p\u00e9nurie de professionnels en milieu de carri\u00e8re est une question de continuit\u00e9. Les firmes qui investissent dans le transfert de connaissances, la pr\u00e9paration au leadership et des mod\u00e8les de charge de travail durables sont mieux positionn\u00e9es pour s\u2019adapter aux cycles \u00e9conomiques et aux changements technologiques.<\/p>\n<p>Alors que le secteur AIC continue d\u2019\u00e9voluer, les professionnels en milieu de carri\u00e8re demeurent essentiels \u2014 non pas comme un maillon interm\u00e9diaire statique, mais plut\u00f4t comme un pont dynamique entre l\u2019innovation et l\u2019ex\u00e9cution technique. La reconnaissance, le soutien et la fid\u00e9lisation de ce groupe ne rel\u00e8vent pas simplement d\u2019une initiative des ressources humaines\u00a0: c\u2019est un imp\u00e9ratif strat\u00e9gique.<\/p>\n","protected":false},"excerpt":{"rendered":"<p>Le secteur de l&rsquo;architecture, de l\u2019ing\u00e9nierie et de la construction (AIC) fait face \u00e0 un d\u00e9fi en mati\u00e8re de talents [&hellip;]<\/p>\n","protected":false},"author":2,"featured_media":40250,"comment_status":"closed","ping_status":"closed","sticky":false,"template":"","format":"standard","meta":{"_acf_changed":false,"footnotes":""},"categories":[309,106,140],"tags":[],"class_list":["post-40674","post","type-post","status-publish","format-standard","has-post-thumbnail","hentry","category-articles-fr","category-blog-fr","category-innovation-fr","product_type-articles-fr"],"acf":[],"yoast_head":"<!-- This site is optimized with the Yoast SEO plugin v28.1 - https:\/\/yoast.com\/product\/yoast-seo-wordpress\/ -->\n<title>La p\u00e9nurie de talents en milieu de carri\u00e8re : un risque croissant pour le secteur AIC - Unicel Architectural<\/title>\n<meta name=\"robots\" content=\"index, follow, max-snippet:-1, max-image-preview:large, max-video-preview:-1\" \/>\n<link rel=\"canonical\" href=\"https:\/\/unicelarchitectural.com\/fr\/la-penurie-de-talents-en-milieu-de-carriere-un-risque-croissant-pour-le-secteur-aic\/\" \/>\n<meta property=\"og:locale\" content=\"fr_FR\" \/>\n<meta property=\"og:type\" content=\"article\" \/>\n<meta property=\"og:title\" content=\"La p\u00e9nurie de talents en milieu de carri\u00e8re : un risque croissant pour le secteur AIC - Unicel Architectural\" \/>\n<meta property=\"og:description\" content=\"Le secteur de l&rsquo;architecture, de l\u2019ing\u00e9nierie et de la construction (AIC) fait face \u00e0 un d\u00e9fi en mati\u00e8re de talents [&hellip;]\" \/>\n<meta property=\"og:url\" content=\"https:\/\/unicelarchitectural.com\/fr\/la-penurie-de-talents-en-milieu-de-carriere-un-risque-croissant-pour-le-secteur-aic\/\" \/>\n<meta property=\"og:site_name\" content=\"Unicel Architectural\" \/>\n<meta property=\"article:publisher\" content=\"https:\/\/www.facebook.com\/UnicelArchitectural\/\" \/>\n<meta property=\"article:published_time\" content=\"2026-09-03T20:21:24+00:00\" \/>\n<meta property=\"article:modified_time\" content=\"2026-09-03T20:24:23+00:00\" \/>\n<meta property=\"og:image\" content=\"https:\/\/unicelarchitectural.com\/wp-content\/uploads\/2026\/02\/August_Blog_Image.jpg\" \/>\n\t<meta property=\"og:image:width\" content=\"786\" \/>\n\t<meta property=\"og:image:height\" content=\"600\" \/>\n\t<meta property=\"og:image:type\" content=\"image\/jpeg\" \/>\n<meta name=\"author\" content=\"dstheme\" \/>\n<meta name=\"twitter:card\" content=\"summary_large_image\" \/>\n<meta name=\"twitter:creator\" content=\"@UnicelArch\" \/>\n<meta name=\"twitter:site\" content=\"@UnicelArch\" \/>\n<meta name=\"twitter:label1\" content=\"\u00c9crit par\" \/>\n\t<meta name=\"twitter:data1\" content=\"dstheme\" \/>\n\t<meta name=\"twitter:label2\" content=\"Dur\u00e9e de lecture estim\u00e9e\" \/>\n\t<meta name=\"twitter:data2\" content=\"4 minutes\" \/>\n<script type=\"application\/ld+json\" class=\"yoast-schema-graph\">{\"@context\":\"https:\\\/\\\/schema.org\",\"@graph\":[{\"@type\":\"Article\",\"@id\":\"https:\\\/\\\/unicelarchitectural.com\\\/fr\\\/la-penurie-de-talents-en-milieu-de-carriere-un-risque-croissant-pour-le-secteur-aic\\\/#article\",\"isPartOf\":{\"@id\":\"https:\\\/\\\/unicelarchitectural.com\\\/fr\\\/la-penurie-de-talents-en-milieu-de-carriere-un-risque-croissant-pour-le-secteur-aic\\\/\"},\"author\":{\"name\":\"dstheme\",\"@id\":\"https:\\\/\\\/unicelarchitectural.com\\\/fr\\\/#\\\/schema\\\/person\\\/72dd8ed6a745ea19fde7dc6dda2594af\"},\"headline\":\"La p\u00e9nurie de talents en milieu de carri\u00e8re : un risque croissant pour le secteur AIC\",\"datePublished\":\"2026-09-03T20:21:24+00:00\",\"dateModified\":\"2026-09-03T20:24:23+00:00\",\"mainEntityOfPage\":{\"@id\":\"https:\\\/\\\/unicelarchitectural.com\\\/fr\\\/la-penurie-de-talents-en-milieu-de-carriere-un-risque-croissant-pour-le-secteur-aic\\\/\"},\"wordCount\":1046,\"publisher\":{\"@id\":\"https:\\\/\\\/unicelarchitectural.com\\\/fr\\\/#organization\"},\"image\":{\"@id\":\"https:\\\/\\\/unicelarchitectural.com\\\/fr\\\/la-penurie-de-talents-en-milieu-de-carriere-un-risque-croissant-pour-le-secteur-aic\\\/#primaryimage\"},\"thumbnailUrl\":\"https:\\\/\\\/unicelarchitectural.com\\\/wp-content\\\/uploads\\\/2026\\\/02\\\/August_Blog_Image.jpg\",\"articleSection\":[\"Articles\",\"Blogue\",\"Innovation\"],\"inLanguage\":\"fr-FR\"},{\"@type\":\"WebPage\",\"@id\":\"https:\\\/\\\/unicelarchitectural.com\\\/fr\\\/la-penurie-de-talents-en-milieu-de-carriere-un-risque-croissant-pour-le-secteur-aic\\\/\",\"url\":\"https:\\\/\\\/unicelarchitectural.com\\\/fr\\\/la-penurie-de-talents-en-milieu-de-carriere-un-risque-croissant-pour-le-secteur-aic\\\/\",\"name\":\"La p\u00e9nurie de talents en milieu de carri\u00e8re : un risque croissant pour le secteur AIC - Unicel Architectural\",\"isPartOf\":{\"@id\":\"https:\\\/\\\/unicelarchitectural.com\\\/fr\\\/#website\"},\"primaryImageOfPage\":{\"@id\":\"https:\\\/\\\/unicelarchitectural.com\\\/fr\\\/la-penurie-de-talents-en-milieu-de-carriere-un-risque-croissant-pour-le-secteur-aic\\\/#primaryimage\"},\"image\":{\"@id\":\"https:\\\/\\\/unicelarchitectural.com\\\/fr\\\/la-penurie-de-talents-en-milieu-de-carriere-un-risque-croissant-pour-le-secteur-aic\\\/#primaryimage\"},\"thumbnailUrl\":\"https:\\\/\\\/unicelarchitectural.com\\\/wp-content\\\/uploads\\\/2026\\\/02\\\/August_Blog_Image.jpg\",\"datePublished\":\"2026-09-03T20:21:24+00:00\",\"dateModified\":\"2026-09-03T20:24:23+00:00\",\"breadcrumb\":{\"@id\":\"https:\\\/\\\/unicelarchitectural.com\\\/fr\\\/la-penurie-de-talents-en-milieu-de-carriere-un-risque-croissant-pour-le-secteur-aic\\\/#breadcrumb\"},\"inLanguage\":\"fr-FR\",\"potentialAction\":[{\"@type\":\"ReadAction\",\"target\":[\"https:\\\/\\\/unicelarchitectural.com\\\/fr\\\/la-penurie-de-talents-en-milieu-de-carriere-un-risque-croissant-pour-le-secteur-aic\\\/\"]}]},{\"@type\":\"ImageObject\",\"inLanguage\":\"fr-FR\",\"@id\":\"https:\\\/\\\/unicelarchitectural.com\\\/fr\\\/la-penurie-de-talents-en-milieu-de-carriere-un-risque-croissant-pour-le-secteur-aic\\\/#primaryimage\",\"url\":\"https:\\\/\\\/unicelarchitectural.com\\\/wp-content\\\/uploads\\\/2026\\\/02\\\/August_Blog_Image.jpg\",\"contentUrl\":\"https:\\\/\\\/unicelarchitectural.com\\\/wp-content\\\/uploads\\\/2026\\\/02\\\/August_Blog_Image.jpg\",\"width\":786,\"height\":600},{\"@type\":\"BreadcrumbList\",\"@id\":\"https:\\\/\\\/unicelarchitectural.com\\\/fr\\\/la-penurie-de-talents-en-milieu-de-carriere-un-risque-croissant-pour-le-secteur-aic\\\/#breadcrumb\",\"itemListElement\":[{\"@type\":\"ListItem\",\"position\":1,\"name\":\"Home\",\"item\":\"https:\\\/\\\/unicelarchitectural.com\\\/fr\\\/\"},{\"@type\":\"ListItem\",\"position\":2,\"name\":\"La p\u00e9nurie de talents en milieu de carri\u00e8re : un risque croissant pour le secteur AIC\"}]},{\"@type\":\"WebSite\",\"@id\":\"https:\\\/\\\/unicelarchitectural.com\\\/fr\\\/#website\",\"url\":\"https:\\\/\\\/unicelarchitectural.com\\\/fr\\\/\",\"name\":\"Unicel Architectural\",\"description\":\"\",\"publisher\":{\"@id\":\"https:\\\/\\\/unicelarchitectural.com\\\/fr\\\/#organization\"},\"potentialAction\":[{\"@type\":\"SearchAction\",\"target\":{\"@type\":\"EntryPoint\",\"urlTemplate\":\"https:\\\/\\\/unicelarchitectural.com\\\/fr\\\/?s={search_term_string}\"},\"query-input\":{\"@type\":\"PropertyValueSpecification\",\"valueRequired\":true,\"valueName\":\"search_term_string\"}}],\"inLanguage\":\"fr-FR\"},{\"@type\":\"Organization\",\"@id\":\"https:\\\/\\\/unicelarchitectural.com\\\/fr\\\/#organization\",\"name\":\"Unicel Architectural\",\"url\":\"https:\\\/\\\/unicelarchitectural.com\\\/fr\\\/\",\"logo\":{\"@type\":\"ImageObject\",\"inLanguage\":\"fr-FR\",\"@id\":\"https:\\\/\\\/unicelarchitectural.com\\\/fr\\\/#\\\/schema\\\/logo\\\/image\\\/\",\"url\":\"https:\\\/\\\/unicelarchitectural.com\\\/wp-content\\\/uploads\\\/2020\\\/11\\\/FRE-LOGO.jpg\",\"contentUrl\":\"https:\\\/\\\/unicelarchitectural.com\\\/wp-content\\\/uploads\\\/2020\\\/11\\\/FRE-LOGO.jpg\",\"width\":713,\"height\":421,\"caption\":\"Unicel Architectural\"},\"image\":{\"@id\":\"https:\\\/\\\/unicelarchitectural.com\\\/fr\\\/#\\\/schema\\\/logo\\\/image\\\/\"},\"sameAs\":[\"https:\\\/\\\/www.facebook.com\\\/UnicelArchitectural\\\/\",\"https:\\\/\\\/x.com\\\/UnicelArch\",\"https:\\\/\\\/www.instagram.com\\\/unicelarch\\\/\",\"https:\\\/\\\/www.linkedin.com\\\/company\\\/unicel-architectural\\\/\",\"https:\\\/\\\/www.youtube.com\\\/channel\\\/UCkNCQHzA55XHzdKtKWytuHQ\\\/\"]},{\"@type\":\"Person\",\"@id\":\"https:\\\/\\\/unicelarchitectural.com\\\/fr\\\/#\\\/schema\\\/person\\\/72dd8ed6a745ea19fde7dc6dda2594af\",\"name\":\"dstheme\",\"image\":{\"@type\":\"ImageObject\",\"inLanguage\":\"fr-FR\",\"@id\":\"https:\\\/\\\/unicelarchitectural.com\\\/wp-content\\\/litespeed\\\/avatar\\\/15c3483e6e72991296938f6932023347.jpg?ver=1788177920\",\"url\":\"https:\\\/\\\/unicelarchitectural.com\\\/wp-content\\\/litespeed\\\/avatar\\\/15c3483e6e72991296938f6932023347.jpg?ver=1788177920\",\"contentUrl\":\"https:\\\/\\\/unicelarchitectural.com\\\/wp-content\\\/litespeed\\\/avatar\\\/15c3483e6e72991296938f6932023347.jpg?ver=1788177920\",\"caption\":\"dstheme\"},\"sameAs\":[\"http:\\\/\\\/unicelarchitectural.com\"]}]}<\/script>\n<!-- \/ Yoast SEO plugin. -->","yoast_head_json":{"title":"La p\u00e9nurie de talents en milieu de carri\u00e8re : un risque croissant pour le secteur AIC - Unicel Architectural","robots":{"index":"index","follow":"follow","max-snippet":"max-snippet:-1","max-image-preview":"max-image-preview:large","max-video-preview":"max-video-preview:-1"},"canonical":"https:\/\/unicelarchitectural.com\/fr\/la-penurie-de-talents-en-milieu-de-carriere-un-risque-croissant-pour-le-secteur-aic\/","og_locale":"fr_FR","og_type":"article","og_title":"La p\u00e9nurie de talents en milieu de carri\u00e8re : un risque croissant pour le secteur AIC - Unicel Architectural","og_description":"Le secteur de l&rsquo;architecture, de l\u2019ing\u00e9nierie et de la construction (AIC) fait face \u00e0 un d\u00e9fi en mati\u00e8re de talents [&hellip;]","og_url":"https:\/\/unicelarchitectural.com\/fr\/la-penurie-de-talents-en-milieu-de-carriere-un-risque-croissant-pour-le-secteur-aic\/","og_site_name":"Unicel Architectural","article_publisher":"https:\/\/www.facebook.com\/UnicelArchitectural\/","article_published_time":"2026-09-03T20:21:24+00:00","article_modified_time":"2026-09-03T20:24:23+00:00","og_image":[{"width":786,"height":600,"url":"https:\/\/unicelarchitectural.com\/wp-content\/uploads\/2026\/02\/August_Blog_Image.jpg","type":"image\/jpeg"}],"author":"dstheme","twitter_card":"summary_large_image","twitter_creator":"@UnicelArch","twitter_site":"@UnicelArch","twitter_misc":{"\u00c9crit par":"dstheme","Dur\u00e9e de lecture estim\u00e9e":"4 minutes"},"schema":{"@context":"https:\/\/schema.org","@graph":[{"@type":"Article","@id":"https:\/\/unicelarchitectural.com\/fr\/la-penurie-de-talents-en-milieu-de-carriere-un-risque-croissant-pour-le-secteur-aic\/#article","isPartOf":{"@id":"https:\/\/unicelarchitectural.com\/fr\/la-penurie-de-talents-en-milieu-de-carriere-un-risque-croissant-pour-le-secteur-aic\/"},"author":{"name":"dstheme","@id":"https:\/\/unicelarchitectural.com\/fr\/#\/schema\/person\/72dd8ed6a745ea19fde7dc6dda2594af"},"headline":"La p\u00e9nurie de talents en milieu de carri\u00e8re : un risque croissant pour le secteur AIC","datePublished":"2026-09-03T20:21:24+00:00","dateModified":"2026-09-03T20:24:23+00:00","mainEntityOfPage":{"@id":"https:\/\/unicelarchitectural.com\/fr\/la-penurie-de-talents-en-milieu-de-carriere-un-risque-croissant-pour-le-secteur-aic\/"},"wordCount":1046,"publisher":{"@id":"https:\/\/unicelarchitectural.com\/fr\/#organization"},"image":{"@id":"https:\/\/unicelarchitectural.com\/fr\/la-penurie-de-talents-en-milieu-de-carriere-un-risque-croissant-pour-le-secteur-aic\/#primaryimage"},"thumbnailUrl":"https:\/\/unicelarchitectural.com\/wp-content\/uploads\/2026\/02\/August_Blog_Image.jpg","articleSection":["Articles","Blogue","Innovation"],"inLanguage":"fr-FR"},{"@type":"WebPage","@id":"https:\/\/unicelarchitectural.com\/fr\/la-penurie-de-talents-en-milieu-de-carriere-un-risque-croissant-pour-le-secteur-aic\/","url":"https:\/\/unicelarchitectural.com\/fr\/la-penurie-de-talents-en-milieu-de-carriere-un-risque-croissant-pour-le-secteur-aic\/","name":"La p\u00e9nurie de talents en milieu de carri\u00e8re : un risque croissant pour le secteur AIC - Unicel Architectural","isPartOf":{"@id":"https:\/\/unicelarchitectural.com\/fr\/#website"},"primaryImageOfPage":{"@id":"https:\/\/unicelarchitectural.com\/fr\/la-penurie-de-talents-en-milieu-de-carriere-un-risque-croissant-pour-le-secteur-aic\/#primaryimage"},"image":{"@id":"https:\/\/unicelarchitectural.com\/fr\/la-penurie-de-talents-en-milieu-de-carriere-un-risque-croissant-pour-le-secteur-aic\/#primaryimage"},"thumbnailUrl":"https:\/\/unicelarchitectural.com\/wp-content\/uploads\/2026\/02\/August_Blog_Image.jpg","datePublished":"2026-09-03T20:21:24+00:00","dateModified":"2026-09-03T20:24:23+00:00","breadcrumb":{"@id":"https:\/\/unicelarchitectural.com\/fr\/la-penurie-de-talents-en-milieu-de-carriere-un-risque-croissant-pour-le-secteur-aic\/#breadcrumb"},"inLanguage":"fr-FR","potentialAction":[{"@type":"ReadAction","target":["https:\/\/unicelarchitectural.com\/fr\/la-penurie-de-talents-en-milieu-de-carriere-un-risque-croissant-pour-le-secteur-aic\/"]}]},{"@type":"ImageObject","inLanguage":"fr-FR","@id":"https:\/\/unicelarchitectural.com\/fr\/la-penurie-de-talents-en-milieu-de-carriere-un-risque-croissant-pour-le-secteur-aic\/#primaryimage","url":"https:\/\/unicelarchitectural.com\/wp-content\/uploads\/2026\/02\/August_Blog_Image.jpg","contentUrl":"https:\/\/unicelarchitectural.com\/wp-content\/uploads\/2026\/02\/August_Blog_Image.jpg","width":786,"height":600},{"@type":"BreadcrumbList","@id":"https:\/\/unicelarchitectural.com\/fr\/la-penurie-de-talents-en-milieu-de-carriere-un-risque-croissant-pour-le-secteur-aic\/#breadcrumb","itemListElement":[{"@type":"ListItem","position":1,"name":"Home","item":"https:\/\/unicelarchitectural.com\/fr\/"},{"@type":"ListItem","position":2,"name":"La p\u00e9nurie de talents en milieu de carri\u00e8re : un risque croissant pour le secteur AIC"}]},{"@type":"WebSite","@id":"https:\/\/unicelarchitectural.com\/fr\/#website","url":"https:\/\/unicelarchitectural.com\/fr\/","name":"Unicel Architectural","description":"","publisher":{"@id":"https:\/\/unicelarchitectural.com\/fr\/#organization"},"potentialAction":[{"@type":"SearchAction","target":{"@type":"EntryPoint","urlTemplate":"https:\/\/unicelarchitectural.com\/fr\/?s={search_term_string}"},"query-input":{"@type":"PropertyValueSpecification","valueRequired":true,"valueName":"search_term_string"}}],"inLanguage":"fr-FR"},{"@type":"Organization","@id":"https:\/\/unicelarchitectural.com\/fr\/#organization","name":"Unicel Architectural","url":"https:\/\/unicelarchitectural.com\/fr\/","logo":{"@type":"ImageObject","inLanguage":"fr-FR","@id":"https:\/\/unicelarchitectural.com\/fr\/#\/schema\/logo\/image\/","url":"https:\/\/unicelarchitectural.com\/wp-content\/uploads\/2020\/11\/FRE-LOGO.jpg","contentUrl":"https:\/\/unicelarchitectural.com\/wp-content\/uploads\/2020\/11\/FRE-LOGO.jpg","width":713,"height":421,"caption":"Unicel Architectural"},"image":{"@id":"https:\/\/unicelarchitectural.com\/fr\/#\/schema\/logo\/image\/"},"sameAs":["https:\/\/www.facebook.com\/UnicelArchitectural\/","https:\/\/x.com\/UnicelArch","https:\/\/www.instagram.com\/unicelarch\/","https:\/\/www.linkedin.com\/company\/unicel-architectural\/","https:\/\/www.youtube.com\/channel\/UCkNCQHzA55XHzdKtKWytuHQ\/"]},{"@type":"Person","@id":"https:\/\/unicelarchitectural.com\/fr\/#\/schema\/person\/72dd8ed6a745ea19fde7dc6dda2594af","name":"dstheme","image":{"@type":"ImageObject","inLanguage":"fr-FR","@id":"https:\/\/unicelarchitectural.com\/wp-content\/litespeed\/avatar\/15c3483e6e72991296938f6932023347.jpg?ver=1788177920","url":"https:\/\/unicelarchitectural.com\/wp-content\/litespeed\/avatar\/15c3483e6e72991296938f6932023347.jpg?ver=1788177920","contentUrl":"https:\/\/unicelarchitectural.com\/wp-content\/litespeed\/avatar\/15c3483e6e72991296938f6932023347.jpg?ver=1788177920","caption":"dstheme"},"sameAs":["http:\/\/unicelarchitectural.com"]}]}},"_links":{"self":[{"href":"https:\/\/unicelarchitectural.com\/fr\/wp-json\/wp\/v2\/posts\/40674","targetHints":{"allow":["GET"]}}],"collection":[{"href":"https:\/\/unicelarchitectural.com\/fr\/wp-json\/wp\/v2\/posts"}],"about":[{"href":"https:\/\/unicelarchitectural.com\/fr\/wp-json\/wp\/v2\/types\/post"}],"author":[{"embeddable":true,"href":"https:\/\/unicelarchitectural.com\/fr\/wp-json\/wp\/v2\/users\/2"}],"replies":[{"embeddable":true,"href":"https:\/\/unicelarchitectural.com\/fr\/wp-json\/wp\/v2\/comments?post=40674"}],"version-history":[{"count":3,"href":"https:\/\/unicelarchitectural.com\/fr\/wp-json\/wp\/v2\/posts\/40674\/revisions"}],"predecessor-version":[{"id":40677,"href":"https:\/\/unicelarchitectural.com\/fr\/wp-json\/wp\/v2\/posts\/40674\/revisions\/40677"}],"wp:featuredmedia":[{"embeddable":true,"href":"https:\/\/unicelarchitectural.com\/fr\/wp-json\/wp\/v2\/media\/40250"}],"wp:attachment":[{"href":"https:\/\/unicelarchitectural.com\/fr\/wp-json\/wp\/v2\/media?parent=40674"}],"wp:term":[{"taxonomy":"category","embeddable":true,"href":"https:\/\/unicelarchitectural.com\/fr\/wp-json\/wp\/v2\/categories?post=40674"},{"taxonomy":"post_tag","embeddable":true,"href":"https:\/\/unicelarchitectural.com\/fr\/wp-json\/wp\/v2\/tags?post=40674"}],"curies":[{"name":"wp","href":"https:\/\/api.w.org\/{rel}","templated":true}]}}