{"id":26496,"date":"2022-06-02T18:28:59","date_gmt":"2022-06-02T18:28:59","guid":{"rendered":"https:\/\/unicelarchitectural.com\/?p=26496"},"modified":"2024-05-03T01:14:30","modified_gmt":"2024-05-03T01:14:30","slug":"les-stores-integres-viulitemd","status":"publish","type":"post","link":"https:\/\/unicelarchitectural.com\/fr\/les-stores-integres-viulitemd\/","title":{"rendered":"Les stores int\u00e9gr\u00e9s ViuLite<sup>MD<\/sup>"},"content":{"rendered":"<p>Si vous aimez l\u2019apparence et la commodit\u00e9 des stores v\u00e9nitiens, mais que vous ne supportez pas de les nettoyer ou d\u2019avoir \u00e0 composer avec des lamelles endommag\u00e9es, jetez un \u0153il aux stores int\u00e9gr\u00e9s <a href=\"https:\/\/unicelarchitectural.com\/fr\/specialties-products\/viulite\/\" target=\"_blank\" rel=\"noopener noreferrer\">ViuLite<\/a><sup>MD<\/sup> d\u2019Unicel Architectural.<\/p>\n<p>ViuLite<sup>MD<\/sup> est un syst\u00e8me de stores int\u00e9gr\u00e9s ScreenLine<sup>MD<\/sup> dans une unit\u00e9 de verre \u00e0 double ou triple vitrage scell\u00e9 herm\u00e9tiquement de fa\u00e7on permanente. ViuLite<sup>MD<\/sup> assure une protection contre la salet\u00e9, les microbes ainsi que les conditions m\u00e9t\u00e9orologiques, tout en offrant des \u00e9l\u00e9ments de conception esth\u00e9tiquement agr\u00e9ables qui comportent des fonctions d\u2019ombrage am\u00e9lior\u00e9es et de contr\u00f4le variable de la vision.<\/p>\n<p>Cela donne des stores parfaitement align\u00e9s et exempts de poussi\u00e8res, qui peuvent \u00eatre facilement contr\u00f4l\u00e9s au moyen de nombreux op\u00e9rateurs, allant de boutons anti-ligature aux glissi\u00e8res et aux syst\u00e8mes motoris\u00e9s externes ou internes. Les unit\u00e9s ViuLite peuvent inclure le verre tremp\u00e9, le verre \u00e0 faible taux d\u2019\u00e9missions, le verre ignifuge, le verre de s\u00e9curit\u00e9, le verre pour miroir\/teint\u00e9, le polycarbonate rev\u00eatu de verre, le polycarbonate standard et d\u2019autres types de verres.<\/p>\n<p>Toutes les surfaces et tous les op\u00e9rateurs des stores ViuLite sont prot\u00e9g\u00e9s par un produit antibact\u00e9rien d\u00e9sinfectant brevet\u00e9 Sanitized<sup>MD<\/sup> qui utilise des ions d\u2019argent comme substance biocide active, et prot\u00e8ge contre les bact\u00e9ries et les odeurs.<\/p>\n<p>ViuLite<sup>MD<\/sup> a <a href=\"https:\/\/unicelarchitectural.com\/wp-content\/uploads\/2020\/11\/Unicel-ArchitecturalRecordsProductOfTheYearAward-PR.pdf\" target=\"_blank\" rel=\"noopener noreferrer\">remport\u00e9<\/a> le prix du produit de l\u2019ann\u00e9e Architectural Record. Gr\u00e2ce \u00e0 ses divers syst\u00e8mes d\u2019encadrement en aluminium, but\u00e9es d\u2019arr\u00eats en verre et options de kit de garniture de portes, ViuLite<sup>MD<\/sup> est id\u00e9al pour les cloisons int\u00e9rieures ou ext\u00e9rieures, les \u00e9clairages lat\u00e9raux, les portes, les traverses, les fen\u00eatres et les murs-rideaux.<\/p>\n<h2>Caract\u00e9ristiques du syst\u00e8me<\/h2>\n<ul>\n<li>Disponible en unit\u00e9s \u00e0 double ou \u00e0 triple vitrage<\/li>\n<li>Intercalaires \u00e0 bordures chaudes, pour plus de performance \u00e9nerg\u00e9tique<\/li>\n<li>Espace d\u2019air entre les panneaux rempli d\u2019argon, qui r\u00e9duit jusqu\u2019\u00e0 25 % le coefficient de transmission thermique U<\/li>\n<li>Stores faits de lamelles de 12,5 mm (\u00bd po) de large personnalisables avec les couleurs standard et non standard de votre choix<\/li>\n<li>Espace d\u2019air de 21,4 mm (27\/32 po) pour s\u2019ins\u00e9rer dans des applications plus minces<\/li>\n<li>Mod\u00e8les SL20A\/SL20C\/SL20P\/SL20B\/SL20S\/SL20M offerts<\/li>\n<li>Op\u00e9rateurs conformes ADA offerts<\/li>\n<\/ul>\n<h2>Principaux avantages<\/h2>\n<ul>\n<li>Les stores sont ins\u00e9r\u00e9s \u00e0 l\u2019int\u00e9rieur d\u2019un vitrage herm\u00e9tiquement scell\u00e9, pour un environnement hygi\u00e9nique, exempt de germes, ce qui r\u00e9duit le risque d\u2019infection<\/li>\n<li>Comportent des fonctions d\u2019ombrage am\u00e9lior\u00e9es, en plus de bloquer les \u00e9blouissements ind\u00e9sirables, la chaleur et les rayons UV nocifs<\/li>\n<li>Aucun nettoyage ni entretien n\u00e9cessaires<\/li>\n<li>Stores orientables et relevables (option \u00ab orientable seulement \u00bb disponible)<\/li>\n<\/ul>\n","protected":false},"excerpt":{"rendered":"<p>Si vous aimez l\u2019apparence et la commodit\u00e9 des stores v\u00e9nitiens, mais que vous ne supportez pas de les nettoyer ou [&hellip;]<\/p>\n","protected":false},"author":4,"featured_media":26490,"comment_status":"open","ping_status":"open","sticky":false,"template":"","format":"standard","meta":{"_acf_changed":false,"footnotes":""},"categories":[141,106],"tags":[128,145],"class_list":["post-26496","post","type-post","status-publish","format-standard","has-post-thumbnail","hentry","category-actualites-produit-fr","category-blog-fr","tag-verre-fr","tag-viulite-fr","product_type-glass-fr"],"acf":[],"yoast_head":"<!-- This site is optimized with the Yoast SEO plugin v27.1.1 - https:\/\/yoast.com\/product\/yoast-seo-wordpress\/ -->\n<title>Les stores int\u00e9gr\u00e9s ViuLiteMD - Unicel Architectural<\/title>\n<meta name=\"robots\" content=\"index, follow, max-snippet:-1, max-image-preview:large, max-video-preview:-1\" \/>\n<link rel=\"canonical\" href=\"https:\/\/unicelarchitectural.com\/fr\/les-stores-integres-viulitemd\/\" \/>\n<meta property=\"og:locale\" content=\"fr_FR\" \/>\n<meta property=\"og:type\" content=\"article\" \/>\n<meta property=\"og:title\" content=\"Les stores int\u00e9gr\u00e9s ViuLiteMD - Unicel Architectural\" \/>\n<meta property=\"og:description\" content=\"Si vous aimez l\u2019apparence et la commodit\u00e9 des stores v\u00e9nitiens, mais que vous ne supportez pas de les nettoyer ou [&hellip;]\" \/>\n<meta property=\"og:url\" content=\"https:\/\/unicelarchitectural.com\/fr\/les-stores-integres-viulitemd\/\" \/>\n<meta property=\"og:site_name\" content=\"Unicel Architectural\" \/>\n<meta property=\"article:publisher\" content=\"https:\/\/www.facebook.com\/UnicelArchitectural\/\" \/>\n<meta property=\"article:published_time\" content=\"2022-06-02T18:28:59+00:00\" \/>\n<meta property=\"article:modified_time\" content=\"2024-05-03T01:14:30+00:00\" \/>\n<meta property=\"og:image\" content=\"https:\/\/unicelarchitectural.com\/wp-content\/uploads\/2022\/06\/UAC_ProductSpotlight_ViuLite_786X600_01.jpg\" \/>\n\t<meta property=\"og:image:width\" content=\"786\" \/>\n\t<meta property=\"og:image:height\" content=\"600\" \/>\n\t<meta property=\"og:image:type\" content=\"image\/jpeg\" \/>\n<meta name=\"author\" content=\"rbaltayan\" \/>\n<meta name=\"twitter:card\" content=\"summary_large_image\" \/>\n<meta name=\"twitter:creator\" content=\"@UnicelArch\" \/>\n<meta name=\"twitter:site\" content=\"@UnicelArch\" \/>\n<meta name=\"twitter:label1\" content=\"\u00c9crit par\" \/>\n\t<meta name=\"twitter:data1\" content=\"rbaltayan\" \/>\n\t<meta name=\"twitter:label2\" content=\"Dur\u00e9e de lecture estim\u00e9e\" \/>\n\t<meta name=\"twitter:data2\" content=\"2 minutes\" \/>\n<script type=\"application\/ld+json\" class=\"yoast-schema-graph\">{\"@context\":\"https:\/\/schema.org\",\"@graph\":[{\"@type\":\"Article\",\"@id\":\"https:\/\/unicelarchitectural.com\/fr\/les-stores-integres-viulitemd\/#article\",\"isPartOf\":{\"@id\":\"https:\/\/unicelarchitectural.com\/fr\/les-stores-integres-viulitemd\/\"},\"author\":{\"name\":\"rbaltayan\",\"@id\":\"https:\/\/unicelarchitectural.com\/fr\/#\/schema\/person\/92f2125bd0b4aa5984ecb3b302fb7eeb\"},\"headline\":\"Les stores int\u00e9gr\u00e9s ViuLiteMD\",\"datePublished\":\"2022-06-02T18:28:59+00:00\",\"dateModified\":\"2024-05-03T01:14:30+00:00\",\"mainEntityOfPage\":{\"@id\":\"https:\/\/unicelarchitectural.com\/fr\/les-stores-integres-viulitemd\/\"},\"wordCount\":479,\"commentCount\":0,\"publisher\":{\"@id\":\"https:\/\/unicelarchitectural.com\/fr\/#organization\"},\"image\":{\"@id\":\"https:\/\/unicelarchitectural.com\/fr\/les-stores-integres-viulitemd\/#primaryimage\"},\"thumbnailUrl\":\"https:\/\/unicelarchitectural.com\/wp-content\/uploads\/2022\/06\/UAC_ProductSpotlight_ViuLite_786X600_01.jpg\",\"keywords\":[\"Verre\",\"ViuLite\"],\"articleSection\":[\"Actualit\u00e9s produit\",\"Blogue\"],\"inLanguage\":\"fr-FR\"},{\"@type\":\"WebPage\",\"@id\":\"https:\/\/unicelarchitectural.com\/fr\/les-stores-integres-viulitemd\/\",\"url\":\"https:\/\/unicelarchitectural.com\/fr\/les-stores-integres-viulitemd\/\",\"name\":\"Les stores int\u00e9gr\u00e9s ViuLiteMD - Unicel Architectural\",\"isPartOf\":{\"@id\":\"https:\/\/unicelarchitectural.com\/fr\/#website\"},\"primaryImageOfPage\":{\"@id\":\"https:\/\/unicelarchitectural.com\/fr\/les-stores-integres-viulitemd\/#primaryimage\"},\"image\":{\"@id\":\"https:\/\/unicelarchitectural.com\/fr\/les-stores-integres-viulitemd\/#primaryimage\"},\"thumbnailUrl\":\"https:\/\/unicelarchitectural.com\/wp-content\/uploads\/2022\/06\/UAC_ProductSpotlight_ViuLite_786X600_01.jpg\",\"datePublished\":\"2022-06-02T18:28:59+00:00\",\"dateModified\":\"2024-05-03T01:14:30+00:00\",\"breadcrumb\":{\"@id\":\"https:\/\/unicelarchitectural.com\/fr\/les-stores-integres-viulitemd\/#breadcrumb\"},\"inLanguage\":\"fr-FR\",\"potentialAction\":[{\"@type\":\"ReadAction\",\"target\":[\"https:\/\/unicelarchitectural.com\/fr\/les-stores-integres-viulitemd\/\"]}]},{\"@type\":\"ImageObject\",\"inLanguage\":\"fr-FR\",\"@id\":\"https:\/\/unicelarchitectural.com\/fr\/les-stores-integres-viulitemd\/#primaryimage\",\"url\":\"https:\/\/unicelarchitectural.com\/wp-content\/uploads\/2022\/06\/UAC_ProductSpotlight_ViuLite_786X600_01.jpg\",\"contentUrl\":\"https:\/\/unicelarchitectural.com\/wp-content\/uploads\/2022\/06\/UAC_ProductSpotlight_ViuLite_786X600_01.jpg\",\"width\":786,\"height\":600},{\"@type\":\"BreadcrumbList\",\"@id\":\"https:\/\/unicelarchitectural.com\/fr\/les-stores-integres-viulitemd\/#breadcrumb\",\"itemListElement\":[{\"@type\":\"ListItem\",\"position\":1,\"name\":\"Home\",\"item\":\"https:\/\/unicelarchitectural.com\/fr\/\"},{\"@type\":\"ListItem\",\"position\":2,\"name\":\"Les stores int\u00e9gr\u00e9s ViuLiteMD\"}]},{\"@type\":\"WebSite\",\"@id\":\"https:\/\/unicelarchitectural.com\/fr\/#website\",\"url\":\"https:\/\/unicelarchitectural.com\/fr\/\",\"name\":\"Unicel Architectural\",\"description\":\"\",\"publisher\":{\"@id\":\"https:\/\/unicelarchitectural.com\/fr\/#organization\"},\"potentialAction\":[{\"@type\":\"SearchAction\",\"target\":{\"@type\":\"EntryPoint\",\"urlTemplate\":\"https:\/\/unicelarchitectural.com\/fr\/?s={search_term_string}\"},\"query-input\":{\"@type\":\"PropertyValueSpecification\",\"valueRequired\":true,\"valueName\":\"search_term_string\"}}],\"inLanguage\":\"fr-FR\"},{\"@type\":\"Organization\",\"@id\":\"https:\/\/unicelarchitectural.com\/fr\/#organization\",\"name\":\"Unicel Architectural\",\"url\":\"https:\/\/unicelarchitectural.com\/fr\/\",\"logo\":{\"@type\":\"ImageObject\",\"inLanguage\":\"fr-FR\",\"@id\":\"https:\/\/unicelarchitectural.com\/fr\/#\/schema\/logo\/image\/\",\"url\":\"https:\/\/unicelarchitectural.com\/wp-content\/uploads\/2020\/11\/FRE-LOGO.jpg\",\"contentUrl\":\"https:\/\/unicelarchitectural.com\/wp-content\/uploads\/2020\/11\/FRE-LOGO.jpg\",\"width\":713,\"height\":421,\"caption\":\"Unicel Architectural\"},\"image\":{\"@id\":\"https:\/\/unicelarchitectural.com\/fr\/#\/schema\/logo\/image\/\"},\"sameAs\":[\"https:\/\/www.facebook.com\/UnicelArchitectural\/\",\"https:\/\/x.com\/UnicelArch\",\"https:\/\/www.instagram.com\/unicelarch\/\",\"https:\/\/www.linkedin.com\/company\/unicel-architectural\/\",\"https:\/\/www.youtube.com\/channel\/UCkNCQHzA55XHzdKtKWytuHQ\/\"]},{\"@type\":\"Person\",\"@id\":\"https:\/\/unicelarchitectural.com\/fr\/#\/schema\/person\/92f2125bd0b4aa5984ecb3b302fb7eeb\",\"name\":\"rbaltayan\",\"image\":{\"@type\":\"ImageObject\",\"inLanguage\":\"fr-FR\",\"@id\":\"https:\/\/unicelarchitectural.com\/fr\/#\/schema\/person\/image\/\",\"url\":\"https:\/\/unicelarchitectural.com\/wp-content\/litespeed\/avatar\/f2d223b82f00c4d4704b6d75357aba48.jpg?ver=1777278227\",\"contentUrl\":\"https:\/\/unicelarchitectural.com\/wp-content\/litespeed\/avatar\/f2d223b82f00c4d4704b6d75357aba48.jpg?ver=1777278227\",\"caption\":\"rbaltayan\"}}]}<\/script>\n<!-- \/ Yoast SEO plugin. -->","yoast_head_json":{"title":"Les stores int\u00e9gr\u00e9s ViuLiteMD - Unicel Architectural","robots":{"index":"index","follow":"follow","max-snippet":"max-snippet:-1","max-image-preview":"max-image-preview:large","max-video-preview":"max-video-preview:-1"},"canonical":"https:\/\/unicelarchitectural.com\/fr\/les-stores-integres-viulitemd\/","og_locale":"fr_FR","og_type":"article","og_title":"Les stores int\u00e9gr\u00e9s ViuLiteMD - Unicel Architectural","og_description":"Si vous aimez l\u2019apparence et la commodit\u00e9 des stores v\u00e9nitiens, mais que vous ne supportez pas de les nettoyer ou [&hellip;]","og_url":"https:\/\/unicelarchitectural.com\/fr\/les-stores-integres-viulitemd\/","og_site_name":"Unicel Architectural","article_publisher":"https:\/\/www.facebook.com\/UnicelArchitectural\/","article_published_time":"2022-06-02T18:28:59+00:00","article_modified_time":"2024-05-03T01:14:30+00:00","og_image":[{"width":786,"height":600,"url":"https:\/\/unicelarchitectural.com\/wp-content\/uploads\/2022\/06\/UAC_ProductSpotlight_ViuLite_786X600_01.jpg","type":"image\/jpeg"}],"author":"rbaltayan","twitter_card":"summary_large_image","twitter_creator":"@UnicelArch","twitter_site":"@UnicelArch","twitter_misc":{"\u00c9crit par":"rbaltayan","Dur\u00e9e de lecture estim\u00e9e":"2 minutes"},"schema":{"@context":"https:\/\/schema.org","@graph":[{"@type":"Article","@id":"https:\/\/unicelarchitectural.com\/fr\/les-stores-integres-viulitemd\/#article","isPartOf":{"@id":"https:\/\/unicelarchitectural.com\/fr\/les-stores-integres-viulitemd\/"},"author":{"name":"rbaltayan","@id":"https:\/\/unicelarchitectural.com\/fr\/#\/schema\/person\/92f2125bd0b4aa5984ecb3b302fb7eeb"},"headline":"Les stores int\u00e9gr\u00e9s ViuLiteMD","datePublished":"2022-06-02T18:28:59+00:00","dateModified":"2024-05-03T01:14:30+00:00","mainEntityOfPage":{"@id":"https:\/\/unicelarchitectural.com\/fr\/les-stores-integres-viulitemd\/"},"wordCount":479,"commentCount":0,"publisher":{"@id":"https:\/\/unicelarchitectural.com\/fr\/#organization"},"image":{"@id":"https:\/\/unicelarchitectural.com\/fr\/les-stores-integres-viulitemd\/#primaryimage"},"thumbnailUrl":"https:\/\/unicelarchitectural.com\/wp-content\/uploads\/2022\/06\/UAC_ProductSpotlight_ViuLite_786X600_01.jpg","keywords":["Verre","ViuLite"],"articleSection":["Actualit\u00e9s produit","Blogue"],"inLanguage":"fr-FR"},{"@type":"WebPage","@id":"https:\/\/unicelarchitectural.com\/fr\/les-stores-integres-viulitemd\/","url":"https:\/\/unicelarchitectural.com\/fr\/les-stores-integres-viulitemd\/","name":"Les stores int\u00e9gr\u00e9s ViuLiteMD - Unicel Architectural","isPartOf":{"@id":"https:\/\/unicelarchitectural.com\/fr\/#website"},"primaryImageOfPage":{"@id":"https:\/\/unicelarchitectural.com\/fr\/les-stores-integres-viulitemd\/#primaryimage"},"image":{"@id":"https:\/\/unicelarchitectural.com\/fr\/les-stores-integres-viulitemd\/#primaryimage"},"thumbnailUrl":"https:\/\/unicelarchitectural.com\/wp-content\/uploads\/2022\/06\/UAC_ProductSpotlight_ViuLite_786X600_01.jpg","datePublished":"2022-06-02T18:28:59+00:00","dateModified":"2024-05-03T01:14:30+00:00","breadcrumb":{"@id":"https:\/\/unicelarchitectural.com\/fr\/les-stores-integres-viulitemd\/#breadcrumb"},"inLanguage":"fr-FR","potentialAction":[{"@type":"ReadAction","target":["https:\/\/unicelarchitectural.com\/fr\/les-stores-integres-viulitemd\/"]}]},{"@type":"ImageObject","inLanguage":"fr-FR","@id":"https:\/\/unicelarchitectural.com\/fr\/les-stores-integres-viulitemd\/#primaryimage","url":"https:\/\/unicelarchitectural.com\/wp-content\/uploads\/2022\/06\/UAC_ProductSpotlight_ViuLite_786X600_01.jpg","contentUrl":"https:\/\/unicelarchitectural.com\/wp-content\/uploads\/2022\/06\/UAC_ProductSpotlight_ViuLite_786X600_01.jpg","width":786,"height":600},{"@type":"BreadcrumbList","@id":"https:\/\/unicelarchitectural.com\/fr\/les-stores-integres-viulitemd\/#breadcrumb","itemListElement":[{"@type":"ListItem","position":1,"name":"Home","item":"https:\/\/unicelarchitectural.com\/fr\/"},{"@type":"ListItem","position":2,"name":"Les stores int\u00e9gr\u00e9s ViuLiteMD"}]},{"@type":"WebSite","@id":"https:\/\/unicelarchitectural.com\/fr\/#website","url":"https:\/\/unicelarchitectural.com\/fr\/","name":"Unicel Architectural","description":"","publisher":{"@id":"https:\/\/unicelarchitectural.com\/fr\/#organization"},"potentialAction":[{"@type":"SearchAction","target":{"@type":"EntryPoint","urlTemplate":"https:\/\/unicelarchitectural.com\/fr\/?s={search_term_string}"},"query-input":{"@type":"PropertyValueSpecification","valueRequired":true,"valueName":"search_term_string"}}],"inLanguage":"fr-FR"},{"@type":"Organization","@id":"https:\/\/unicelarchitectural.com\/fr\/#organization","name":"Unicel Architectural","url":"https:\/\/unicelarchitectural.com\/fr\/","logo":{"@type":"ImageObject","inLanguage":"fr-FR","@id":"https:\/\/unicelarchitectural.com\/fr\/#\/schema\/logo\/image\/","url":"https:\/\/unicelarchitectural.com\/wp-content\/uploads\/2020\/11\/FRE-LOGO.jpg","contentUrl":"https:\/\/unicelarchitectural.com\/wp-content\/uploads\/2020\/11\/FRE-LOGO.jpg","width":713,"height":421,"caption":"Unicel Architectural"},"image":{"@id":"https:\/\/unicelarchitectural.com\/fr\/#\/schema\/logo\/image\/"},"sameAs":["https:\/\/www.facebook.com\/UnicelArchitectural\/","https:\/\/x.com\/UnicelArch","https:\/\/www.instagram.com\/unicelarch\/","https:\/\/www.linkedin.com\/company\/unicel-architectural\/","https:\/\/www.youtube.com\/channel\/UCkNCQHzA55XHzdKtKWytuHQ\/"]},{"@type":"Person","@id":"https:\/\/unicelarchitectural.com\/fr\/#\/schema\/person\/92f2125bd0b4aa5984ecb3b302fb7eeb","name":"rbaltayan","image":{"@type":"ImageObject","inLanguage":"fr-FR","@id":"https:\/\/unicelarchitectural.com\/fr\/#\/schema\/person\/image\/","url":"https:\/\/unicelarchitectural.com\/wp-content\/litespeed\/avatar\/f2d223b82f00c4d4704b6d75357aba48.jpg?ver=1777278227","contentUrl":"https:\/\/unicelarchitectural.com\/wp-content\/litespeed\/avatar\/f2d223b82f00c4d4704b6d75357aba48.jpg?ver=1777278227","caption":"rbaltayan"}}]}},"_links":{"self":[{"href":"https:\/\/unicelarchitectural.com\/fr\/wp-json\/wp\/v2\/posts\/26496","targetHints":{"allow":["GET"]}}],"collection":[{"href":"https:\/\/unicelarchitectural.com\/fr\/wp-json\/wp\/v2\/posts"}],"about":[{"href":"https:\/\/unicelarchitectural.com\/fr\/wp-json\/wp\/v2\/types\/post"}],"author":[{"embeddable":true,"href":"https:\/\/unicelarchitectural.com\/fr\/wp-json\/wp\/v2\/users\/4"}],"replies":[{"embeddable":true,"href":"https:\/\/unicelarchitectural.com\/fr\/wp-json\/wp\/v2\/comments?post=26496"}],"version-history":[{"count":0,"href":"https:\/\/unicelarchitectural.com\/fr\/wp-json\/wp\/v2\/posts\/26496\/revisions"}],"wp:featuredmedia":[{"embeddable":true,"href":"https:\/\/unicelarchitectural.com\/fr\/wp-json\/wp\/v2\/media\/26490"}],"wp:attachment":[{"href":"https:\/\/unicelarchitectural.com\/fr\/wp-json\/wp\/v2\/media?parent=26496"}],"wp:term":[{"taxonomy":"category","embeddable":true,"href":"https:\/\/unicelarchitectural.com\/fr\/wp-json\/wp\/v2\/categories?post=26496"},{"taxonomy":"post_tag","embeddable":true,"href":"https:\/\/unicelarchitectural.com\/fr\/wp-json\/wp\/v2\/tags?post=26496"}],"curies":[{"name":"wp","href":"https:\/\/api.w.org\/{rel}","templated":true}]}}