{"id":26195,"date":"2022-03-07T21:31:05","date_gmt":"2022-03-07T21:31:05","guid":{"rendered":"https:\/\/unicelarchitectural.com\/?p=26195"},"modified":"2022-03-24T20:41:20","modified_gmt":"2022-03-24T20:41:20","slug":"les-avantages-pour-la-sante-et-le-bien-etre-des-jardins-interieurs","status":"publish","type":"post","link":"https:\/\/unicelarchitectural.com\/fr\/les-avantages-pour-la-sante-et-le-bien-etre-des-jardins-interieurs\/","title":{"rendered":"Les avantages pour la sant\u00e9 et le bien-\u00eatre des jardins int\u00e9rieurs"},"content":{"rendered":"<p>De toutes les tendances en mati\u00e8re d\u2019architecture et de design stimul\u00e9es par la pand\u00e9mie de Covid-19 &#8211; des am\u00e9nagements physiquement \u00e9loign\u00e9s aux nouvelles fa\u00e7ons de <a href=\"https:\/\/unicelarchitectural.com\/fr\/lhopital-post-covid-concevoir-des-espaces-de-soins-de-sante-pour-faire-face-aux-pandemies\/\" target=\"_blank\" rel=\"noopener noreferrer\">concevoir des h\u00f4pitaux<\/a> et <a href=\"https:\/\/unicelarchitectural.com\/fr\/4-tendances-postpandemiques-qui-faconneront-la-conception-de-la-vie-assistee-pour-les-annees-a-venir\/\" target=\"_blank\" rel=\"noopener noreferrer\">des installations de vie assist\u00e9e<\/a> \u2013 les jardins int\u00e9rieurs se distinguent peut-\u00eatre comme l\u2019un des sujets les moins parl\u00e9s, mais potentiellement l\u2019un des plus \u00e9panouissants.<\/p>\n<p>Les espaces int\u00e9rieurs luxuriants con\u00e7us pour la v\u00e9g\u00e9tation ne sont pas nouveaux, apr\u00e8s tout. Le concept de jardins int\u00e9rieurs, \u00e9galement connus sous le nom d\u2019am\u00e9nagement paysager int\u00e9rieur &#8211; des jardins de l\u00e9gumes int\u00e9rieurs, aux arrangements v\u00e9g\u00e9taux modestes, aux d\u00e9coupes de sol, aux jardins de balcon int\u00e9rieurs et m\u00eame aux jardins verticaux et aux murs vivants &#8211; existe depuis des d\u00e9cennies gr\u00e2ce \u00e0 une appr\u00e9ciation croissante des avantages de la vie v\u00e9g\u00e9tale sur les espaces int\u00e9rieurs.<\/p>\n<p>Le concept a pris un nouveau sens apr\u00e8s que plusieurs personnes ont \u00e9t\u00e9 coinc\u00e9es \u00e0 la maison en raison de restrictions impos\u00e9es par le gouvernement. L\u2019une des tendances de design d\u2019int\u00e9rieur Instagram les plus populaires de 2020 \u00e9tait \u00ab jardin int\u00e9rieur \u00bb, le terme de recherche augmentant de plus de 50% en popularit\u00e9 d\u2019une ann\u00e9e \u00e0 l\u2019autre et ils s\u2019av\u00e8rent tout aussi populaires cette ann\u00e9e.<\/p>\n<p>Mais tous les espaces int\u00e9rieurs ne conviennent pas \u00e0 un jardin int\u00e9rieur. Certains \u00e9l\u00e9ments de conception et autres, tels que beaucoup de lumi\u00e8re naturelle provenant des fen\u00eatres et des lanterneaux, ainsi qu\u2019une bonne ventilation, sont essentiels lors de l\u2019ajout d\u2019une telle fonctionnalit\u00e9 \u00e0 votre espace r\u00e9sidentiel ou commercial.<\/p>\n<p>Voyons pourquoi les jardins int\u00e9rieurs existent, pourquoi ils sont bons pour notre sant\u00e9 et quelles caract\u00e9ristiques et commodit\u00e9s du b\u00e2timent les font vraiment prosp\u00e9rer.<\/p>\n<h2>Les avantages pour la sant\u00e9 et le bien-\u00eatre des jardins int\u00e9rieurs<\/h2>\n<p>Les avantages pour la sant\u00e9 et le bien-\u00eatre des jardins int\u00e9rieurs et des plantes sont aussi nombreux qu\u2019ils sont bien document\u00e9s:<\/p>\n<ul>\n<li>Les plantes d\u2019int\u00e9rieur peuvent \u00e9liminer jusqu\u2019\u00e0 87% des toxines atmosph\u00e9riques et des polluants (connus sous le nom de compos\u00e9s organiques volatiles (COV)) dans une pi\u00e8ce sur une p\u00e9riode de 24 heures<\/li>\n<li>Les plantes d\u2019int\u00e9rieur et la verdure peuvent am\u00e9liorer la concentration et la productivit\u00e9 jusqu\u2019\u00e0 15%, tout en r\u00e9duisant le stress et en am\u00e9liorant l\u2019humeur<\/li>\n<li>Les plantes r\u00e9gulent l\u2019humidit\u00e9 et lib\u00e8rent de l\u2019oxyg\u00e8ne, tout en ajoutant de la couleur et un sentiment de bien-\u00eatre \u00e0 n\u2019importe quel espace int\u00e9rieur<\/li>\n<\/ul>\n<p>Les jardins int\u00e9rieurs peuvent \u00eatre particuli\u00e8rement b\u00e9n\u00e9fiques pour am\u00e9liorer l\u2019humeur, la concentration et la productivit\u00e9 lorsqu\u2019ils sont associ\u00e9s \u00e0 de grandes quantit\u00e9s de lumi\u00e8re naturelle, qui a ses propres avantages pour la sant\u00e9. Et l\u2019industrie en a pris bonne note. \u00ab On comprend de mieux en mieux les avantages de l\u2019am\u00e9nagement paysager int\u00e9rieur dans les bureaux, le commerce de d\u00e9tail et particuli\u00e8rement dans les lieux de travail \u00bb, explique un concepteur de jardins au Royaume-Uni. <\/p>\n<p>ArchDaily dit que les jardins int\u00e9rieurs peuvent m\u00eame r\u00e9duire la consommation d\u2019\u00e9nergie ainsi que les co\u00fbts, car les espaces avec beaucoup de v\u00e9g\u00e9tation n\u00e9cessitent souvent moins de circulation d\u2019air.<\/p>\n<h2>Les bonnes conditions pour l\u2019am\u00e9nagement paysager int\u00e9rieur<\/h2>\n<p>Parce que les plantes sont des \u00eatres vivants, l\u2019ajout d\u2019un jardin int\u00e9rieur n\u2019est pas aussi simple que d\u2019installer quelques longues jardini\u00e8res ici et l\u00e0. Ces jardins int\u00e9rieurs \u2013 selon les types de plantes cultiv\u00e9es et la fa\u00e7on dont elles sont montr\u00e9es \u2013 n\u00e9cessitent les bonnes conditions pour survivre et prosp\u00e9rer, y compris la bonne temp\u00e9rature, l\u2019humidit\u00e9 et la lumi\u00e8re naturelle.<\/p>\n<p><strong>Lumi\u00e8re<\/strong><br \/>\nQuiconque s\u2019est d\u00e9j\u00e0 occup\u00e9 d\u2019une plante d\u2019int\u00e9rieur situ\u00e9e loin d\u2019une fen\u00eatre sait \u00e0 quel point les plantes ont besoin de lumi\u00e8re pour la photosynth\u00e8se et la croissance. Sans lumi\u00e8re, de nombreuses plantes demeurent en dormance et peuvent m\u00eame mourir. Certaines lumi\u00e8res artificielles et LED sont id\u00e9ales pour les plantes, mais un jardin int\u00e9rieur devrait id\u00e9alement avoir beaucoup de lumi\u00e8re naturelle dans une pi\u00e8ce de style solarium avec de grandes <a href=\"https:\/\/unicelarchitectural.com\/fr\/product-category\/glass-fr\/\" target=\"_blank\" rel=\"noopener noreferrer\">fen\u00eatres<\/a>, <a href=\"https:\/\/unicelarchitectural.com\/fr\/specialties-products\/lanterneaux\/\" target=\"_blank\" rel=\"noopener noreferrer\">des lanterneaux<\/a>, et m\u00eame des <a href=\"https:\/\/unicelarchitectural.com\/fr\/specialties-products\/murs-rideaux-en-bois\/\/\" target=\"_blank\" rel=\"noopener noreferrer\">murs-rideaux<\/a>.<\/p>\n<p><strong>Humidit\u00e9 et temp\u00e9rature<\/strong><br \/>\nLa plupart des jardins int\u00e9rieurs n\u00e9cessitent des temp\u00e9ratures comprises entre 65 et 75 degr\u00e9s Fahrenheit et une humidit\u00e9 d\u2019environ 50%.<\/p>\n<p><strong>\u00c9l\u00e9ments de conception<\/strong><br \/>\nIl est crucial de planifier les bons \u00e9l\u00e9ments de design pour votre jardin int\u00e9rieur. Tenez compte de la proportion et de l\u2019\u00e9chelle (vos plantes doivent correspondre \u00e0 la taille de la pi\u00e8ce), de la forme (essayez de faire correspondre la forme de vos plantes les unes avec les autres), de la texture (essayez de m\u00e9langer des surfaces v\u00e9g\u00e9tales lisses et rugueuses), de la couleur, de la r\u00e9p\u00e9tition et de l\u2019\u00e9quilibre.<\/p>\n<p>S\u2019il y a un endroit sp\u00e9cial que vous souhaitez d\u00e9signer comme point focal, essayez de placer une grande plante ou un arbre d\u2019int\u00e9rieur \u00e0 cet endroit. Il suffit d\u2019\u00eatre conscient de la quantit\u00e9 de lumi\u00e8re dont il aura besoin (les grandes plantes ont besoin de beaucoup de lumi\u00e8re).<\/p>\n<p><strong>Types de plantes<\/strong><br \/>\nAlors que de nombreux jardins int\u00e9rieurs cultivent des fruits et des l\u00e9gumes, la plupart (en particulier dans la vente au d\u00e9tail, le commerce et des environnements similaires) sont \u00e0 des fins esth\u00e9tiques. Les plantes communes dans ces jardins int\u00e9rieurs comprennent la plante d\u2019araign\u00e9e, l\u2019Aloe Vera, la figue pleureuse et la plante de jade.<\/p>\n<p><strong>M\u00e9thodes d\u2019affichage<\/strong><br \/>\nIl existe une tonne de fa\u00e7ons int\u00e9ressantes de pr\u00e9senter votre jardin int\u00e9rieur. En fin de compte, le type de m\u00e9thode d\u2019affichage que vous utilisez d\u00e9pend du style de la pi\u00e8ce et de la quantit\u00e9 d\u2019espace disponible, de votre budget et de l\u2019impact visuel que vous \u00eates pr\u00eat \u00e0 faire:<\/p>\n<ul>\n<li>Lits sur\u00e9lev\u00e9s<\/li>\n<li>Jardini\u00e8res \u00e0 plusieurs niveaux<\/li>\n<li>Pots s\u00e9par\u00e9s<\/li>\n<li>Jardins mur\u00e9s, sur\u00e9lev\u00e9s et en contre-toit<\/li>\n<\/ul>\n<h2>Le bon type de fen\u00eatres pour les jardins int\u00e9rieurs<\/h2>\n<p>Bien que nous sachions tous que la lumi\u00e8re naturelle est id\u00e9ale pour les jardins int\u00e9rieurs, placer des fen\u00eatres et des lanterneaux pour les meilleures conditions d\u2019\u00e9clairage peut parfois \u00eatre d\u00e9licat &#8211; surtout si vous souhaitez inclure une grande vari\u00e9t\u00e9 de plantes dans votre jardin int\u00e9rieur.<\/p>\n<p>Bien qu\u2019il soit certain que les fen\u00eatres orient\u00e9es vers le sud offrent la meilleure lumi\u00e8re et que les fen\u00eatres orient\u00e9es vers l\u2019est fournissent le soleil du matin, la direction dans laquelle vos lanterneaux et vos fen\u00eatres devraient faire face d\u00e9pend de vos besoins:<\/p>\n<ul>\n<li>Les lanterneaux et les fen\u00eatres <strong>orient\u00e9s vers le sud<\/strong> fournissent une grande quantit\u00e9 de lumi\u00e8re directe du soleil (bon pour les plantes qui ont besoin de beaucoup de lumi\u00e8re)<\/li>\n<li>Les lanterneaux et les fen\u00eatres <strong>orient\u00e9s vers le nord<\/strong> donnent une lumi\u00e8re indirecte et diffuse (bon pour les plantes qui n\u2019ont pas besoin d\u2019autant de lumi\u00e8re)<\/li>\n<li>Les lanterneaux et les fen\u00eatres <strong>orient\u00e9s est\/ouest<\/strong> fournissent une lumi\u00e8re vive et directe le matin (est) ou la fin de l\u2019apr\u00e8s-midi (ouest) et une lumi\u00e8re indirecte le reste de la journ\u00e9e (mieux pour les plantes qui ont besoin d\u2019un m\u00e9lange de lumi\u00e8re directe et indirecte)<\/li>\n<\/ul>\n<p>Tenez \u00e9galement compte du type de verre et de vitrage dont vous avez besoin lorsque vous sp\u00e9cifiez vos fen\u00eatres, vos lanterneaux ou vos murs-rideaux.<\/p>\n<p>Certains types de vitrages permettent plus de lumi\u00e8re que d\u2019autres: alors que les fen\u00eatres en verre double transparent permettent jusqu\u2019\u00e0 80% de la lumi\u00e8re de passer (le reste \u00e9tant r\u00e9fl\u00e9chi), le polycarbonate \u00e0 5 parois de 25 mm ne permet que jusqu\u2019\u00e0 50% de la lumi\u00e8re de passer \u00e0 travers.<\/p>\n<h2>Le verre et les vitrages d\u2019Unicel Architectural peuvent aider \u00e0 faciliter la r\u00e9alisation de vos id\u00e9es d&rsquo;am\u00e9nagement paysager int\u00e9rieur<\/h2>\n<p>La large gamme de produits de verre et de vitrage d\u2019Unicel Architectural comprend des lanterneaux, des murs-rideaux, des solariums et des fen\u00eatres pour un maximum d\u2019avantages naturels en mati\u00e8re d\u2019\u00e9clairage naturel. Tous les produits en verre et en vitrage peuvent \u00eatre utilisables et \u00e9quip\u00e9s de Vision Control<sup>MD<\/sup>, notre unit\u00e9 de verre scell\u00e9e brevet\u00e9 avec une technologie de louvres int\u00e9gr\u00e9es sans fil, permettant un contr\u00f4le in\u00e9gal\u00e9 de la temp\u00e9rature, de l\u2019humidit\u00e9 et de la lumi\u00e8re.<\/p>\n<p><em><a href=\"https:\/\/unicelarchitectural.com\/fr\/nous-joindre\/\" target=\"_blank\" rel=\"noopener noreferrer\">Contactez-nous<\/a> d\u00e8s aujourd\u2019hui pour en savoir plus sur nos lanterneaux et nos syst\u00e8mes de murs-rideaux.<\/em><\/p>\n","protected":false},"excerpt":{"rendered":"<p>De toutes les tendances en mati\u00e8re d\u2019architecture et de design stimul\u00e9es par la pand\u00e9mie de Covid-19 &#8211; des am\u00e9nagements physiquement [&hellip;]<\/p>\n","protected":false},"author":4,"featured_media":26175,"comment_status":"open","ping_status":"open","sticky":false,"template":"","format":"standard","meta":{"_acf_changed":false,"footnotes":""},"categories":[106,140],"tags":[131,132,118,123],"class_list":["post-26195","post","type-post","status-publish","format-standard","has-post-thumbnail","hentry","category-blog-fr","category-innovation-fr","tag-lanterneaux","tag-murs-rideaux","tag-vision-control-fr","tag-vision-control-fr-2","product_type-innovation-fr"],"acf":[],"yoast_head":"<!-- This site is optimized with the Yoast SEO plugin v27.1.1 - https:\/\/yoast.com\/product\/yoast-seo-wordpress\/ -->\n<title>Les avantages pour la sant\u00e9 et le bien-\u00eatre des jardins int\u00e9rieurs - Unicel Architectural<\/title>\n<meta name=\"robots\" content=\"index, follow, max-snippet:-1, max-image-preview:large, max-video-preview:-1\" \/>\n<link rel=\"canonical\" href=\"https:\/\/unicelarchitectural.com\/fr\/les-avantages-pour-la-sante-et-le-bien-etre-des-jardins-interieurs\/\" \/>\n<meta property=\"og:locale\" content=\"fr_FR\" \/>\n<meta property=\"og:type\" content=\"article\" \/>\n<meta property=\"og:title\" content=\"Les avantages pour la sant\u00e9 et le bien-\u00eatre des jardins int\u00e9rieurs - Unicel Architectural\" \/>\n<meta property=\"og:description\" content=\"De toutes les tendances en mati\u00e8re d\u2019architecture et de design stimul\u00e9es par la pand\u00e9mie de Covid-19 &#8211; des am\u00e9nagements physiquement [&hellip;]\" \/>\n<meta property=\"og:url\" content=\"https:\/\/unicelarchitectural.com\/fr\/les-avantages-pour-la-sante-et-le-bien-etre-des-jardins-interieurs\/\" \/>\n<meta property=\"og:site_name\" content=\"Unicel Architectural\" \/>\n<meta property=\"article:publisher\" content=\"https:\/\/www.facebook.com\/UnicelArchitectural\/\" \/>\n<meta property=\"article:published_time\" content=\"2022-03-07T21:31:05+00:00\" \/>\n<meta property=\"article:modified_time\" content=\"2022-03-24T20:41:20+00:00\" \/>\n<meta property=\"og:image\" content=\"https:\/\/unicelarchitectural.com\/wp-content\/uploads\/2022\/03\/UAC_Blog_IndoorGardens_786x600_01.jpg\" \/>\n\t<meta property=\"og:image:width\" content=\"786\" \/>\n\t<meta property=\"og:image:height\" content=\"600\" \/>\n\t<meta property=\"og:image:type\" content=\"image\/jpeg\" \/>\n<meta name=\"author\" content=\"rbaltayan\" \/>\n<meta name=\"twitter:card\" content=\"summary_large_image\" \/>\n<meta name=\"twitter:creator\" content=\"@UnicelArch\" \/>\n<meta name=\"twitter:site\" content=\"@UnicelArch\" \/>\n<meta name=\"twitter:label1\" content=\"\u00c9crit par\" \/>\n\t<meta name=\"twitter:data1\" content=\"rbaltayan\" \/>\n\t<meta name=\"twitter:label2\" content=\"Dur\u00e9e de lecture estim\u00e9e\" \/>\n\t<meta name=\"twitter:data2\" content=\"8 minutes\" \/>\n<script type=\"application\/ld+json\" class=\"yoast-schema-graph\">{\"@context\":\"https:\/\/schema.org\",\"@graph\":[{\"@type\":\"Article\",\"@id\":\"https:\/\/unicelarchitectural.com\/fr\/les-avantages-pour-la-sante-et-le-bien-etre-des-jardins-interieurs\/#article\",\"isPartOf\":{\"@id\":\"https:\/\/unicelarchitectural.com\/fr\/les-avantages-pour-la-sante-et-le-bien-etre-des-jardins-interieurs\/\"},\"author\":{\"name\":\"rbaltayan\",\"@id\":\"https:\/\/unicelarchitectural.com\/fr\/#\/schema\/person\/92f2125bd0b4aa5984ecb3b302fb7eeb\"},\"headline\":\"Les avantages pour la sant\u00e9 et le bien-\u00eatre des jardins int\u00e9rieurs\",\"datePublished\":\"2022-03-07T21:31:05+00:00\",\"dateModified\":\"2022-03-24T20:41:20+00:00\",\"mainEntityOfPage\":{\"@id\":\"https:\/\/unicelarchitectural.com\/fr\/les-avantages-pour-la-sante-et-le-bien-etre-des-jardins-interieurs\/\"},\"wordCount\":1525,\"commentCount\":0,\"publisher\":{\"@id\":\"https:\/\/unicelarchitectural.com\/fr\/#organization\"},\"image\":{\"@id\":\"https:\/\/unicelarchitectural.com\/fr\/les-avantages-pour-la-sante-et-le-bien-etre-des-jardins-interieurs\/#primaryimage\"},\"thumbnailUrl\":\"https:\/\/unicelarchitectural.com\/wp-content\/uploads\/2022\/03\/UAC_Blog_IndoorGardens_786x600_01.jpg\",\"keywords\":[\"Lanterneaux\",\"Murs-rideaux\",\"Vision Control\",\"Vision Control\"],\"articleSection\":[\"Blogue\",\"Innovation\"],\"inLanguage\":\"fr-FR\"},{\"@type\":\"WebPage\",\"@id\":\"https:\/\/unicelarchitectural.com\/fr\/les-avantages-pour-la-sante-et-le-bien-etre-des-jardins-interieurs\/\",\"url\":\"https:\/\/unicelarchitectural.com\/fr\/les-avantages-pour-la-sante-et-le-bien-etre-des-jardins-interieurs\/\",\"name\":\"Les avantages pour la sant\u00e9 et le bien-\u00eatre des jardins int\u00e9rieurs - Unicel Architectural\",\"isPartOf\":{\"@id\":\"https:\/\/unicelarchitectural.com\/fr\/#website\"},\"primaryImageOfPage\":{\"@id\":\"https:\/\/unicelarchitectural.com\/fr\/les-avantages-pour-la-sante-et-le-bien-etre-des-jardins-interieurs\/#primaryimage\"},\"image\":{\"@id\":\"https:\/\/unicelarchitectural.com\/fr\/les-avantages-pour-la-sante-et-le-bien-etre-des-jardins-interieurs\/#primaryimage\"},\"thumbnailUrl\":\"https:\/\/unicelarchitectural.com\/wp-content\/uploads\/2022\/03\/UAC_Blog_IndoorGardens_786x600_01.jpg\",\"datePublished\":\"2022-03-07T21:31:05+00:00\",\"dateModified\":\"2022-03-24T20:41:20+00:00\",\"breadcrumb\":{\"@id\":\"https:\/\/unicelarchitectural.com\/fr\/les-avantages-pour-la-sante-et-le-bien-etre-des-jardins-interieurs\/#breadcrumb\"},\"inLanguage\":\"fr-FR\",\"potentialAction\":[{\"@type\":\"ReadAction\",\"target\":[\"https:\/\/unicelarchitectural.com\/fr\/les-avantages-pour-la-sante-et-le-bien-etre-des-jardins-interieurs\/\"]}]},{\"@type\":\"ImageObject\",\"inLanguage\":\"fr-FR\",\"@id\":\"https:\/\/unicelarchitectural.com\/fr\/les-avantages-pour-la-sante-et-le-bien-etre-des-jardins-interieurs\/#primaryimage\",\"url\":\"https:\/\/unicelarchitectural.com\/wp-content\/uploads\/2022\/03\/UAC_Blog_IndoorGardens_786x600_01.jpg\",\"contentUrl\":\"https:\/\/unicelarchitectural.com\/wp-content\/uploads\/2022\/03\/UAC_Blog_IndoorGardens_786x600_01.jpg\",\"width\":786,\"height\":600},{\"@type\":\"BreadcrumbList\",\"@id\":\"https:\/\/unicelarchitectural.com\/fr\/les-avantages-pour-la-sante-et-le-bien-etre-des-jardins-interieurs\/#breadcrumb\",\"itemListElement\":[{\"@type\":\"ListItem\",\"position\":1,\"name\":\"Home\",\"item\":\"https:\/\/unicelarchitectural.com\/fr\/\"},{\"@type\":\"ListItem\",\"position\":2,\"name\":\"Les avantages pour la sant\u00e9 et le bien-\u00eatre des jardins int\u00e9rieurs\"}]},{\"@type\":\"WebSite\",\"@id\":\"https:\/\/unicelarchitectural.com\/fr\/#website\",\"url\":\"https:\/\/unicelarchitectural.com\/fr\/\",\"name\":\"Unicel Architectural\",\"description\":\"\",\"publisher\":{\"@id\":\"https:\/\/unicelarchitectural.com\/fr\/#organization\"},\"potentialAction\":[{\"@type\":\"SearchAction\",\"target\":{\"@type\":\"EntryPoint\",\"urlTemplate\":\"https:\/\/unicelarchitectural.com\/fr\/?s={search_term_string}\"},\"query-input\":{\"@type\":\"PropertyValueSpecification\",\"valueRequired\":true,\"valueName\":\"search_term_string\"}}],\"inLanguage\":\"fr-FR\"},{\"@type\":\"Organization\",\"@id\":\"https:\/\/unicelarchitectural.com\/fr\/#organization\",\"name\":\"Unicel Architectural\",\"url\":\"https:\/\/unicelarchitectural.com\/fr\/\",\"logo\":{\"@type\":\"ImageObject\",\"inLanguage\":\"fr-FR\",\"@id\":\"https:\/\/unicelarchitectural.com\/fr\/#\/schema\/logo\/image\/\",\"url\":\"https:\/\/unicelarchitectural.com\/wp-content\/uploads\/2020\/11\/FRE-LOGO.jpg\",\"contentUrl\":\"https:\/\/unicelarchitectural.com\/wp-content\/uploads\/2020\/11\/FRE-LOGO.jpg\",\"width\":713,\"height\":421,\"caption\":\"Unicel Architectural\"},\"image\":{\"@id\":\"https:\/\/unicelarchitectural.com\/fr\/#\/schema\/logo\/image\/\"},\"sameAs\":[\"https:\/\/www.facebook.com\/UnicelArchitectural\/\",\"https:\/\/x.com\/UnicelArch\",\"https:\/\/www.instagram.com\/unicelarch\/\",\"https:\/\/www.linkedin.com\/company\/unicel-architectural\/\",\"https:\/\/www.youtube.com\/channel\/UCkNCQHzA55XHzdKtKWytuHQ\/\"]},{\"@type\":\"Person\",\"@id\":\"https:\/\/unicelarchitectural.com\/fr\/#\/schema\/person\/92f2125bd0b4aa5984ecb3b302fb7eeb\",\"name\":\"rbaltayan\",\"image\":{\"@type\":\"ImageObject\",\"inLanguage\":\"fr-FR\",\"@id\":\"https:\/\/unicelarchitectural.com\/fr\/#\/schema\/person\/image\/\",\"url\":\"https:\/\/unicelarchitectural.com\/wp-content\/litespeed\/avatar\/f2d223b82f00c4d4704b6d75357aba48.jpg?ver=1777278227\",\"contentUrl\":\"https:\/\/unicelarchitectural.com\/wp-content\/litespeed\/avatar\/f2d223b82f00c4d4704b6d75357aba48.jpg?ver=1777278227\",\"caption\":\"rbaltayan\"}}]}<\/script>\n<!-- \/ Yoast SEO plugin. -->","yoast_head_json":{"title":"Les avantages pour la sant\u00e9 et le bien-\u00eatre des jardins int\u00e9rieurs - Unicel Architectural","robots":{"index":"index","follow":"follow","max-snippet":"max-snippet:-1","max-image-preview":"max-image-preview:large","max-video-preview":"max-video-preview:-1"},"canonical":"https:\/\/unicelarchitectural.com\/fr\/les-avantages-pour-la-sante-et-le-bien-etre-des-jardins-interieurs\/","og_locale":"fr_FR","og_type":"article","og_title":"Les avantages pour la sant\u00e9 et le bien-\u00eatre des jardins int\u00e9rieurs - Unicel Architectural","og_description":"De toutes les tendances en mati\u00e8re d\u2019architecture et de design stimul\u00e9es par la pand\u00e9mie de Covid-19 &#8211; des am\u00e9nagements physiquement [&hellip;]","og_url":"https:\/\/unicelarchitectural.com\/fr\/les-avantages-pour-la-sante-et-le-bien-etre-des-jardins-interieurs\/","og_site_name":"Unicel Architectural","article_publisher":"https:\/\/www.facebook.com\/UnicelArchitectural\/","article_published_time":"2022-03-07T21:31:05+00:00","article_modified_time":"2022-03-24T20:41:20+00:00","og_image":[{"width":786,"height":600,"url":"https:\/\/unicelarchitectural.com\/wp-content\/uploads\/2022\/03\/UAC_Blog_IndoorGardens_786x600_01.jpg","type":"image\/jpeg"}],"author":"rbaltayan","twitter_card":"summary_large_image","twitter_creator":"@UnicelArch","twitter_site":"@UnicelArch","twitter_misc":{"\u00c9crit par":"rbaltayan","Dur\u00e9e de lecture estim\u00e9e":"8 minutes"},"schema":{"@context":"https:\/\/schema.org","@graph":[{"@type":"Article","@id":"https:\/\/unicelarchitectural.com\/fr\/les-avantages-pour-la-sante-et-le-bien-etre-des-jardins-interieurs\/#article","isPartOf":{"@id":"https:\/\/unicelarchitectural.com\/fr\/les-avantages-pour-la-sante-et-le-bien-etre-des-jardins-interieurs\/"},"author":{"name":"rbaltayan","@id":"https:\/\/unicelarchitectural.com\/fr\/#\/schema\/person\/92f2125bd0b4aa5984ecb3b302fb7eeb"},"headline":"Les avantages pour la sant\u00e9 et le bien-\u00eatre des jardins int\u00e9rieurs","datePublished":"2022-03-07T21:31:05+00:00","dateModified":"2022-03-24T20:41:20+00:00","mainEntityOfPage":{"@id":"https:\/\/unicelarchitectural.com\/fr\/les-avantages-pour-la-sante-et-le-bien-etre-des-jardins-interieurs\/"},"wordCount":1525,"commentCount":0,"publisher":{"@id":"https:\/\/unicelarchitectural.com\/fr\/#organization"},"image":{"@id":"https:\/\/unicelarchitectural.com\/fr\/les-avantages-pour-la-sante-et-le-bien-etre-des-jardins-interieurs\/#primaryimage"},"thumbnailUrl":"https:\/\/unicelarchitectural.com\/wp-content\/uploads\/2022\/03\/UAC_Blog_IndoorGardens_786x600_01.jpg","keywords":["Lanterneaux","Murs-rideaux","Vision Control","Vision Control"],"articleSection":["Blogue","Innovation"],"inLanguage":"fr-FR"},{"@type":"WebPage","@id":"https:\/\/unicelarchitectural.com\/fr\/les-avantages-pour-la-sante-et-le-bien-etre-des-jardins-interieurs\/","url":"https:\/\/unicelarchitectural.com\/fr\/les-avantages-pour-la-sante-et-le-bien-etre-des-jardins-interieurs\/","name":"Les avantages pour la sant\u00e9 et le bien-\u00eatre des jardins int\u00e9rieurs - Unicel Architectural","isPartOf":{"@id":"https:\/\/unicelarchitectural.com\/fr\/#website"},"primaryImageOfPage":{"@id":"https:\/\/unicelarchitectural.com\/fr\/les-avantages-pour-la-sante-et-le-bien-etre-des-jardins-interieurs\/#primaryimage"},"image":{"@id":"https:\/\/unicelarchitectural.com\/fr\/les-avantages-pour-la-sante-et-le-bien-etre-des-jardins-interieurs\/#primaryimage"},"thumbnailUrl":"https:\/\/unicelarchitectural.com\/wp-content\/uploads\/2022\/03\/UAC_Blog_IndoorGardens_786x600_01.jpg","datePublished":"2022-03-07T21:31:05+00:00","dateModified":"2022-03-24T20:41:20+00:00","breadcrumb":{"@id":"https:\/\/unicelarchitectural.com\/fr\/les-avantages-pour-la-sante-et-le-bien-etre-des-jardins-interieurs\/#breadcrumb"},"inLanguage":"fr-FR","potentialAction":[{"@type":"ReadAction","target":["https:\/\/unicelarchitectural.com\/fr\/les-avantages-pour-la-sante-et-le-bien-etre-des-jardins-interieurs\/"]}]},{"@type":"ImageObject","inLanguage":"fr-FR","@id":"https:\/\/unicelarchitectural.com\/fr\/les-avantages-pour-la-sante-et-le-bien-etre-des-jardins-interieurs\/#primaryimage","url":"https:\/\/unicelarchitectural.com\/wp-content\/uploads\/2022\/03\/UAC_Blog_IndoorGardens_786x600_01.jpg","contentUrl":"https:\/\/unicelarchitectural.com\/wp-content\/uploads\/2022\/03\/UAC_Blog_IndoorGardens_786x600_01.jpg","width":786,"height":600},{"@type":"BreadcrumbList","@id":"https:\/\/unicelarchitectural.com\/fr\/les-avantages-pour-la-sante-et-le-bien-etre-des-jardins-interieurs\/#breadcrumb","itemListElement":[{"@type":"ListItem","position":1,"name":"Home","item":"https:\/\/unicelarchitectural.com\/fr\/"},{"@type":"ListItem","position":2,"name":"Les avantages pour la sant\u00e9 et le bien-\u00eatre des jardins int\u00e9rieurs"}]},{"@type":"WebSite","@id":"https:\/\/unicelarchitectural.com\/fr\/#website","url":"https:\/\/unicelarchitectural.com\/fr\/","name":"Unicel Architectural","description":"","publisher":{"@id":"https:\/\/unicelarchitectural.com\/fr\/#organization"},"potentialAction":[{"@type":"SearchAction","target":{"@type":"EntryPoint","urlTemplate":"https:\/\/unicelarchitectural.com\/fr\/?s={search_term_string}"},"query-input":{"@type":"PropertyValueSpecification","valueRequired":true,"valueName":"search_term_string"}}],"inLanguage":"fr-FR"},{"@type":"Organization","@id":"https:\/\/unicelarchitectural.com\/fr\/#organization","name":"Unicel Architectural","url":"https:\/\/unicelarchitectural.com\/fr\/","logo":{"@type":"ImageObject","inLanguage":"fr-FR","@id":"https:\/\/unicelarchitectural.com\/fr\/#\/schema\/logo\/image\/","url":"https:\/\/unicelarchitectural.com\/wp-content\/uploads\/2020\/11\/FRE-LOGO.jpg","contentUrl":"https:\/\/unicelarchitectural.com\/wp-content\/uploads\/2020\/11\/FRE-LOGO.jpg","width":713,"height":421,"caption":"Unicel Architectural"},"image":{"@id":"https:\/\/unicelarchitectural.com\/fr\/#\/schema\/logo\/image\/"},"sameAs":["https:\/\/www.facebook.com\/UnicelArchitectural\/","https:\/\/x.com\/UnicelArch","https:\/\/www.instagram.com\/unicelarch\/","https:\/\/www.linkedin.com\/company\/unicel-architectural\/","https:\/\/www.youtube.com\/channel\/UCkNCQHzA55XHzdKtKWytuHQ\/"]},{"@type":"Person","@id":"https:\/\/unicelarchitectural.com\/fr\/#\/schema\/person\/92f2125bd0b4aa5984ecb3b302fb7eeb","name":"rbaltayan","image":{"@type":"ImageObject","inLanguage":"fr-FR","@id":"https:\/\/unicelarchitectural.com\/fr\/#\/schema\/person\/image\/","url":"https:\/\/unicelarchitectural.com\/wp-content\/litespeed\/avatar\/f2d223b82f00c4d4704b6d75357aba48.jpg?ver=1777278227","contentUrl":"https:\/\/unicelarchitectural.com\/wp-content\/litespeed\/avatar\/f2d223b82f00c4d4704b6d75357aba48.jpg?ver=1777278227","caption":"rbaltayan"}}]}},"_links":{"self":[{"href":"https:\/\/unicelarchitectural.com\/fr\/wp-json\/wp\/v2\/posts\/26195","targetHints":{"allow":["GET"]}}],"collection":[{"href":"https:\/\/unicelarchitectural.com\/fr\/wp-json\/wp\/v2\/posts"}],"about":[{"href":"https:\/\/unicelarchitectural.com\/fr\/wp-json\/wp\/v2\/types\/post"}],"author":[{"embeddable":true,"href":"https:\/\/unicelarchitectural.com\/fr\/wp-json\/wp\/v2\/users\/4"}],"replies":[{"embeddable":true,"href":"https:\/\/unicelarchitectural.com\/fr\/wp-json\/wp\/v2\/comments?post=26195"}],"version-history":[{"count":0,"href":"https:\/\/unicelarchitectural.com\/fr\/wp-json\/wp\/v2\/posts\/26195\/revisions"}],"wp:featuredmedia":[{"embeddable":true,"href":"https:\/\/unicelarchitectural.com\/fr\/wp-json\/wp\/v2\/media\/26175"}],"wp:attachment":[{"href":"https:\/\/unicelarchitectural.com\/fr\/wp-json\/wp\/v2\/media?parent=26195"}],"wp:term":[{"taxonomy":"category","embeddable":true,"href":"https:\/\/unicelarchitectural.com\/fr\/wp-json\/wp\/v2\/categories?post=26195"},{"taxonomy":"post_tag","embeddable":true,"href":"https:\/\/unicelarchitectural.com\/fr\/wp-json\/wp\/v2\/tags?post=26195"}],"curies":[{"name":"wp","href":"https:\/\/api.w.org\/{rel}","templated":true}]}}