{"id":20958,"date":"2021-10-28T13:50:55","date_gmt":"2021-10-28T13:50:55","guid":{"rendered":"https:\/\/unicelarchitectural.com\/?p=20958"},"modified":"2021-10-30T19:27:30","modified_gmt":"2021-10-30T19:27:30","slug":"lhopital-post-covid-concevoir-des-espaces-de-soins-de-sante-pour-faire-face-aux-pandemies","status":"publish","type":"post","link":"https:\/\/unicelarchitectural.com\/fr\/lhopital-post-covid-concevoir-des-espaces-de-soins-de-sante-pour-faire-face-aux-pandemies\/","title":{"rendered":"L\u2019h\u00f4pital post-Covid: concevoir des espaces de soins de sant\u00e9 pour faire face aux pand\u00e9mies"},"content":{"rendered":"<p>Les pand\u00e9mies mondiales \u00e9taient autrefois des \u00e9v\u00e9nements uniques en un si\u00e8cle. \u00c0 cause des changements climatiques, \u00e0 un monde plus connect\u00e9 et \u00e0 l\u2019augmentation continue des maladies zoonotiques, la plupart des experts affirment que les pand\u00e9mies \u00e0 grande \u00e9chelle seront probablement plus courantes \u00e0 l\u2019avenir.<\/p>\n<p>C\u2019est une mauvaise nouvelle pour nous tous mais surtout pour les h\u00f4pitaux de conception conventionnelle et autres \u00e9tablissements de sant\u00e9 qui ont lutt\u00e9 puissamment sous le poids des vagues implacables et impitoyables de la Covid-19.<\/p>\n<p>Mais la bonne nouvelle, c\u2019est que la crise de sant\u00e9 publique actuelle a forc\u00e9 \u00e0 repenser la fa\u00e7on dont les h\u00f4pitaux sont con\u00e7us, en particulier dans leur capacit\u00e9 \u00e0 g\u00e9rer les \u00e9v\u00e9nements de maladies transmissibles et de pertes humaines massives. En effet, la Covid-19 a commenc\u00e9 \u00e0 changer l\u2019apparence, la sensation et le fonctionnement des h\u00f4pitaux sans doute plus que tout autre \u00e9v\u00e9nement de notre vie &#8211; ce qui pourrait finalement se traduire par des soins de sant\u00e9 meilleurs et plus r\u00e9silients \u00e0 l\u2019avenir.<\/p>\n<p>\u00ab Des choses que les d\u00e9fenseurs poursuivent depuis des d\u00e9cennies se produisent maintenant \u00bb, explique l\u2019obst\u00e9tricien Neel Shah dans Bloomberg.<\/p>\n<p>Mais qu\u2019est-ce qui est en train de changer, exactement? Et qu\u2019est-ce que cela signifie pour les architectes d\u2019h\u00f4pitaux, les concepteurs et, surtout, les patients? <\/p>\n<h2>L\u2019h\u00f4pital r\u00e9silient \u00e0 la pand\u00e9mie : sept principes<\/h2>\n<p>Plusieurs priorit\u00e9s en mati\u00e8re de soins de sant\u00e9 sont apparues dans le sillage de la pand\u00e9mie et la prise de conscience de la n\u00e9cessit\u00e9 d\u2019am\u00e9liorer la lutte contre les infections. Il s\u2019agit notamment de concevoir pour la distanciation physique tout en \u00e9vitant l\u2019isolement social (qui peut avoir ses propres implications n\u00e9gatives pour la sant\u00e9); l\u2019am\u00e9lioration de la souplesse des installations; fournir la bonne connectivit\u00e9, la bonne collaboration et les bonnes technologies et outils mobiles; maximiser la qualit\u00e9 de l\u2019air.<\/p>\n<p>Les entreprises priv\u00e9es n\u2019ont pas tard\u00e9 \u00e0 saisir l\u2019occasion. Une collaboration r\u00e9cente entre la soci\u00e9t\u00e9 d\u2019ing\u00e9nierie et de conception Arum et HKS Architects a d\u00e9velopp\u00e9 sept principes pour la conception de soins de sant\u00e9 r\u00e9silients \u00e0 la pand\u00e9mie, notamment:<\/p>\n<p><strong>Polyvalence<\/strong><br \/>\nLes h\u00f4pitaux doivent r\u00e9pondre \u00e0 la fois aux besoins quotidiens (non infectieux) et aux besoins en soins de sant\u00e9 li\u00e9s \u00e0 la pand\u00e9mie d\u2019une mani\u00e8re financi\u00e8rement viable.<\/p>\n<p><strong>Capacit\u00e9s de surtension<\/strong><br \/>\nLes conceptions de soins de sant\u00e9 doivent s\u2019adapter \u00e0 d\u2019importants afflux de patients en douceur et sans perturbation autant que possible.<\/p>\n<p><strong>Bien-\u00eatre pour la gu\u00e9rison<\/strong><br \/>\nLes \u00e9tablissements de sant\u00e9 doivent inclure des espaces qui am\u00e9liorent le bien-\u00eatre des patients et du personnel, incluant l\u2019am\u00e9nagement d\u2019espaces verts et de beaucoup de lumi\u00e8re naturelle.<\/p>\n<p><strong>Des surfaces propres, de l\u2019air pur<\/strong><br \/>\nLes mat\u00e9riaux de construction et la conception des soins de sant\u00e9 doivent r\u00e9duire activement la transmission des particules infectieuses tout en permettant un nettoyage et un entretien faciles.<\/p>\n<p><strong>Isolement et confinement<\/strong><br \/>\nLes h\u00f4pitaux doivent isoler un grand nombre de patients infectieux pour assurer la s\u00e9curit\u00e9 du personnel et des autres patients et soutenir les op\u00e9rations en cours.<\/p>\n<p><strong>Circulation<\/strong><br \/>\nLa conception de la circulation doit minimiser les risques de transmission gr\u00e2ce \u00e0 la s\u00e9curit\u00e9 et \u00e0 l\u2019efficacit\u00e9 des d\u00e9placements des personnes, tant en termes de couloirs, d\u2019espaces partag\u00e9s que d\u2019entr\u00e9es et de sorties.<\/p>\n<p><strong>L\u2019intersection du num\u00e9rique et du physique<\/strong><br \/>\nLes nouveaux espaces hospitaliers doivent \u00eatre attrayants, innovants et permettre une transition transparente entre les domaines num\u00e9rique et physique.<\/p>\n<p>Mais que signifient ces principes dans la pratique? Examinons de plus pr\u00e8s la fa\u00e7on dont certains h\u00f4pitaux se transforment pour le mieux face \u00e0 la pand\u00e9mie.<\/p>\n<h2>La conception d\u2019h\u00f4pitaux pr\u00eate pour la pand\u00e9mie dans la pratique<\/h2>\n<p><strong>Espaces int\u00e9rieurs physiquement \u00e9loign\u00e9s<\/strong><br \/>\nLa conception de l\u2019h\u00f4pital doit \u00e9quilibrer le besoin de socialisation en toute s\u00e9curit\u00e9 avec l\u2019exigence d\u2019une s\u00e9paration contr\u00f4l\u00e9e entre le personnel, les visiteurs et les patients en fonction de la gravit\u00e9 de la maladie et de la possibilit\u00e9 de contagion. Cela comprend la conception de grands espaces ouverts (qui peuvent \u00eatre subdivis\u00e9s ou utilis\u00e9s comme aires de triage si n\u00e9cessaire), des si\u00e8ges physiquement \u00e9loign\u00e9s dans les aires d\u2019attente et des espaces interm\u00e9diaires r\u00e9invent\u00e9s tels que des zones de si\u00e8ges ext\u00e9rieurs ou des alc\u00f4ves de couloir avec des si\u00e8ges.<\/p>\n<p>Une entr\u00e9e d\u2019urgence s\u00e9par\u00e9e pour les patients contagieux afin de les \u00e9loigner des portes principales et de la circulation int\u00e9rieure peut \u00e9galement am\u00e9liorer la r\u00e9ponse \u00e0 la pand\u00e9mie.  <\/p>\n<p>Bien qu\u2019il ne s\u2019agisse pas d\u2019une caract\u00e9ristique de conception en soi, le d\u00e9ploiement plus fr\u00e9quent de solutions de t\u00e9l\u00e9m\u00e9decine et de solutions num\u00e9riques pour les patients pouvant \u00eatre surveill\u00e9s \u00e0 distance &#8211; un groupe qui, selon McKinsey, \u00e9quivaut \u00e0 environ un quart de tous les services ambulatoires &#8211; peut faciliter la distanciation tout en r\u00e9duisant l\u2019immense pression sur l\u2019infrastructure physique.<\/p>\n<p><strong>Visibilit\u00e9 des patients<\/strong><br \/>\nHealthTech Magazine affirme que de nombreuses flamb\u00e9es de Covid-19 ont vu un grand nombre de patients hospitalis\u00e9s dans des chambres avec des portes solides et sans fen\u00eatres, ce qui a emp\u00each\u00e9 le personnel de surveiller leurs progr\u00e8s sans entrer dans la pi\u00e8ce. C\u2019est pourquoi Arup et HKS affirment que la visibilit\u00e9 des patients \u00e0 travers les fen\u00eatres de la chambre des patients est indispensable pour assurer une surveillance efficace et s\u00fbre sans propager l\u2019infection.<\/p>\n<p>Les portes coulissantes ou \u00e0 charni\u00e8res avec beaucoup de verre sont \u00e9galement tr\u00e8s utiles \u00e0 cet \u00e9gard. Arum et HKS pointent vers le centre m\u00e9dical r\u00e9gional d\u2019Orlando, dont les salles d\u2019examen disposent de trois murs standard plus un mur de verre pour am\u00e9liorer la visibilit\u00e9 et maximiser la s\u00e9paration des patients.<\/p>\n<p><strong>Flexibilit\u00e9 de l\u2019installation (c\u2019est-\u00e0-dire \u00ab mode pand\u00e9mie \u00bb)<\/strong><br \/>\nNous avons tous vu de nos propres yeux l\u2019inflexibilit\u00e9 physique de la plupart des h\u00f4pitaux contemporains, dont beaucoup ont d\u00fb \u00e9riger des h\u00f4pitaux de fortune dans des parkings pour accueillir l\u2019afflux de patients Covid-19. C\u2019est pourquoi la flexibilit\u00e9 de l\u2019installation &#8211; la capacit\u00e9 de passer des op\u00e9rations normales au \u00ab mode pand\u00e9mie \u00bb en un clin d\u2019\u0153il &#8211; est peut-\u00eatre le changement de conception le plus important de tous.<\/p>\n<p>\u00ab Le \u00ab mode pand\u00e9mie \u00bb sera une fa\u00e7on obligatoire de penser comment l\u2019h\u00f4pital peut se convertir rapidement, physiquement et op\u00e9rationnellement \u00bb, explique B+H Architects.<\/p>\n<p>Cela signifie concevoir efficacement des espaces convertibles, tels que de grands espaces ouverts qui peuvent facilement \u00eatre subdivis\u00e9s, comme nous l\u2019avons mentionn\u00e9 ci-dessus. Cela peut signifier des portes de couloir strat\u00e9giquement plac\u00e9es permettant une compartimentation rapide des grands d\u00e9partements et des bureaux ou d\u2019autres salles qui peuvent \u00eatre converties en zones de triage ou de pointe.<\/p>\n<p>Cela signifie \u00e9galement des chambres de patients qui peuvent rapidement et en toute s\u00e9curit\u00e9 devenir des chambres d\u2019isolement gr\u00e2ce \u00e0 une pression n\u00e9gative, \u00e0 un \u00e9quipement de protection individuelle (EPI) facilement accessible, \u00e0 des zones d\u2019enfilage et de d\u2019exclusion bien marqu\u00e9es et \u00e0 la capacit\u00e9 de surveiller les patients.<\/p>\n<p>Rester flexible, c\u2019est aussi une question de conception modulaire. De nombreux nouveaux h\u00f4pitaux et id\u00e9es de conception s\u2019appuient sur cette nouvelle approche de construction d\u2019h\u00f4pitaux \u00e0 partir de dizaines de b\u00e2timents modulaires pr\u00e9fabriqu\u00e9s qui peuvent \u00eatre mis \u00e0 l\u2019\u00e9chelle vers le haut ou vers le bas (et r\u00e9utilis\u00e9s) au besoin. L\u2019initiative de recherche H\u00e9roe de l\u2019\u00c9cole d\u2019architecture de l\u2019USC a con\u00e7u des plans pour un \u00e9tablissement de soins de sant\u00e9 en isolement qui peut \u00eatre assembl\u00e9 en quelques semaines. La succursale de Hong Kong de la firme d\u2019ing\u00e9nierie WSP a con\u00e7u une solution similaire \u00e0 partir de conteneurs d\u2019exp\u00e9dition.<\/p>\n<p>\u00ab Non seulement les conteneurs sont empilables mais ils peuvent \u00e9galement \u00eatre convertis en une vari\u00e9t\u00e9 de configurations pour les bureaux, les laboratoires et \u00e0 d\u2019autres fins &#8211; tous connectables et facilement transport\u00e9s par mer ou par terre \u00bb, explique Thomas Chan de MSP. La conception modulaire est \u00e9galement populaire aupr\u00e8s des concepteurs d\u2019installations de <a href=\"https:\/\/unicelarchitectural.com\/fr\/4-tendances-postpandemiques-qui-faconneront-la-conception-de-la-vie-assistee-pour-les-annees-a-venir\/\" target=\"_blank\" rel=\"noopener noreferrer\">vie assist\u00e9e<\/a> post-Covid.<\/p>\n<h2>Concevoir pour le bien-\u00eatre<\/h2>\n<p>Avec la conception st\u00e9rile et relativement terne de nombreux h\u00f4pitaux plus anciens, vous seriez pardonn\u00e9 si vous oubliiez que le bien-\u00eatre et la tranquillit\u00e9 sont essentiels \u00e0 la gu\u00e9rison. Alors que la conception des h\u00f4pitaux tendait vers le bien-\u00eatre depuis avant Covid-19, la pand\u00e9mie n\u2019a fait qu\u2019acc\u00e9l\u00e9rer cette tendance de conception en donnant la priorit\u00e9 \u00e0 la <a href=\"https:\/\/unicelarchitectural.com\/fr\/comment-la-conception-biophilique-ameliore-la-sante-humaine-en-reliant-les-batiments-et-leurs-occupants-a-la-nature\/\" target=\"_blank\" rel=\"noopener noreferrer\">conception biophilique<\/a> et aux espaces verts, aux jardins de gu\u00e9rison et \u00e0 beaucoup de lumi\u00e8re naturelle du jour. Cette approche de conception a un impact positif \u00e0 la fois sur les patients et sur les travailleurs de la sant\u00e9, permettant plus d\u2019espace en petits groupes pour le personnel et un environnement de travail moins stressant.<\/p>\n<p>Les vues sur la nature et le contr\u00f4le du son dans les chambres des patients peuvent \u00e9galement aider, conduisant \u00e0 un sentiment de tranquillit\u00e9 apaisant qui peut acc\u00e9l\u00e9rer le processus de gu\u00e9rison. L\u2019utilisation de mat\u00e9riaux de construction non toxiques, tels que les op\u00e9rateurs de fen\u00eatre r\u00e9sistants aux moisissures et les louvres herm\u00e9tiquement scell\u00e9es pour \u00e9liminer la collecte de poussi\u00e8re et de germes, peut \u00e9galement aider \u00e0 am\u00e9liorer la gu\u00e9rison et \u00e0 r\u00e9duire la propagation de l\u2019infection.<\/p>\n<h2>Des h\u00f4pitaux pr\u00eats pour la pand\u00e9mie en action<\/h2>\n<p><strong>Centre m\u00e9dical de l\u2019Universit\u00e9 Rush<\/strong><br \/>\nLe centre m\u00e9dical de l\u2019Universit\u00e9 Rush de Chicago a \u00e9t\u00e9 construit avec les pand\u00e9mies \u00e0 l\u2019esprit. Con\u00e7ues par Perkins et Will, ses chambres d\u2019urgence pour les patients utilisent de larges portes vitr\u00e9es pour permettre une surveillance facile des patients sans propager l\u2019infection. Son hall comprend des infrastructures (telles que des sorties de gaz m\u00e9dical) pour accueillir rapidement des lits d\u2019appoint.<\/p>\n<p><strong>Le CHUM<\/strong><br \/>\nLe CHUM \u00e0 Montr\u00e9al est une autre installation con\u00e7ue avant la Covid-19 mais qui a pris au s\u00e9rieux la pr\u00e9paration \u00e0 la pand\u00e9mie (la premi\u00e8re phase a \u00e9t\u00e9 con\u00e7ue par CannonDesign et NEUF, et la seconde par Jodoin Lamarre Pratte et MSDL). Sa conception de la circulation comporte de larges couloirs et garantit que les mouvements du personnel et des patients sont s\u00e9par\u00e9s des espaces publics et il dispose d\u2019une unit\u00e9 d\u2019isolement pour les maladies respiratoires et autres.<\/p>\n<p><strong>H\u00f4pital g\u00e9n\u00e9ral juif<\/strong><br \/>\nUn autre exemple de Montr\u00e9al comprend une expansion r\u00e9cente (par Jodoin Lamarre Pratte) qui a con\u00e7u toutes les chambres de soins intensifs pour avoir des unit\u00e9s d\u2019isolement et de soins infirmiers compl\u00e8tes pouvant \u00eatre divis\u00e9es en sous-unit\u00e9s plus petites. L\u2019HGJ comprend des chambres d\u2019isolement dans l\u2019ensemble de l\u2019h\u00f4pital (y compris l\u2019unit\u00e9 n\u00e9onatale, la salle d\u2019op\u00e9ration et la salle d\u2019accouchement). Son service d\u2019urgence dispose de l\u2019isolement de la chambre et du double acc\u00e8s (une entr\u00e9e pour le personnel et une autre pour les patients et les visiteurs).<\/p>\n<h2>Vision Control<sup>MD<\/sup> pour l\u2019h\u00f4pital pr\u00eat pour la pand\u00e9mie<\/h2>\n<p>La technologie de vitrage avanc\u00e9e <a href=\"https:\/\/unicelarchitectural.com\/fr\/vision-controlmd-dunicel-architectural\/\" target=\"_blank\" rel=\"noopener noreferrer\">Vision Control d\u2019Unicel Architectural<\/a> comprend une unit\u00e9 brevet\u00e9e et herm\u00e9tiquement scell\u00e9e combinant des louvres dans le verre. Il est personnalisable \u00e0 pratiquement n\u2019importe quelle forme pour les applications int\u00e9rieures ou ext\u00e9rieures et offre un contr\u00f4le sans pr\u00e9c\u00e9dent de la vision, de la lumi\u00e8re, de la temp\u00e9rature et du son, assurant une intimit\u00e9 totale et une hygi\u00e8ne optimale en combinant des louvres dans le verre.<\/p>\n<p>Vision Control est le laur\u00e9at de nombreuses distinctions de l\u2019industrie, incluant un prix national du choix des architectes du symposium sur la conception des soins de sant\u00e9 et un prix d\u2019innovation de produits du magazine Architectural Products.<\/p>\n<p><em>Vous voulez en savoir plus sur la fa\u00e7on dont les louvres int\u00e9gr\u00e9es <a href=\"https:\/\/unicelarchitectural.com\/fr\/specialties-products\/vision-control\/\" target=\"_blank\" rel=\"noopener noreferrer\">Vision Control<\/a> <sup>MD<\/sup> est le bon choix pour concevoir des espaces de soins? <a href=\"https:\/\/unicelarchitectural.com\/fr\/nous-joindre\/\" target=\"_blank\" rel=\"noopener noreferrer\">Contactez-nous<\/a> d\u00e8s aujourd\u2019hui pour en savoir plus.<\/em><\/p>\n","protected":false},"excerpt":{"rendered":"<p>Les pand\u00e9mies mondiales \u00e9taient autrefois des \u00e9v\u00e9nements uniques en un si\u00e8cle. \u00c0 cause des changements climatiques, \u00e0 un monde plus [&hellip;]<\/p>\n","protected":false},"author":4,"featured_media":20956,"comment_status":"open","ping_status":"open","sticky":false,"template":"","format":"standard","meta":{"_acf_changed":false,"footnotes":""},"categories":[106,140],"tags":[118,123],"class_list":["post-20958","post","type-post","status-publish","format-standard","has-post-thumbnail","hentry","category-blog-fr","category-innovation-fr","tag-vision-control-fr","tag-vision-control-fr-2","product_type-innovation-fr"],"acf":[],"yoast_head":"<!-- This site is optimized with the Yoast SEO plugin v27.1.1 - https:\/\/yoast.com\/product\/yoast-seo-wordpress\/ -->\n<title>L\u2019h\u00f4pital post-Covid: concevoir des espaces de soins de sant\u00e9 pour faire face aux pand\u00e9mies - Unicel Architectural<\/title>\n<meta name=\"robots\" content=\"index, follow, max-snippet:-1, max-image-preview:large, max-video-preview:-1\" \/>\n<link rel=\"canonical\" href=\"https:\/\/unicelarchitectural.com\/fr\/lhopital-post-covid-concevoir-des-espaces-de-soins-de-sante-pour-faire-face-aux-pandemies\/\" \/>\n<meta property=\"og:locale\" content=\"fr_FR\" \/>\n<meta property=\"og:type\" content=\"article\" \/>\n<meta property=\"og:title\" content=\"L\u2019h\u00f4pital post-Covid: concevoir des espaces de soins de sant\u00e9 pour faire face aux pand\u00e9mies - Unicel Architectural\" \/>\n<meta property=\"og:description\" content=\"Les pand\u00e9mies mondiales \u00e9taient autrefois des \u00e9v\u00e9nements uniques en un si\u00e8cle. \u00c0 cause des changements climatiques, \u00e0 un monde plus [&hellip;]\" \/>\n<meta property=\"og:url\" content=\"https:\/\/unicelarchitectural.com\/fr\/lhopital-post-covid-concevoir-des-espaces-de-soins-de-sante-pour-faire-face-aux-pandemies\/\" \/>\n<meta property=\"og:site_name\" content=\"Unicel Architectural\" \/>\n<meta property=\"article:publisher\" content=\"https:\/\/www.facebook.com\/UnicelArchitectural\/\" \/>\n<meta property=\"article:published_time\" content=\"2021-10-28T13:50:55+00:00\" \/>\n<meta property=\"article:modified_time\" content=\"2021-10-30T19:27:30+00:00\" \/>\n<meta property=\"og:image\" content=\"https:\/\/unicelarchitectural.com\/wp-content\/uploads\/2021\/10\/UAC_Blog_DesigningHealthcareSpaces_786x600_01.jpg\" \/>\n\t<meta property=\"og:image:width\" content=\"786\" \/>\n\t<meta property=\"og:image:height\" content=\"600\" \/>\n\t<meta property=\"og:image:type\" content=\"image\/jpeg\" \/>\n<meta name=\"author\" content=\"rbaltayan\" \/>\n<meta name=\"twitter:card\" content=\"summary_large_image\" \/>\n<meta name=\"twitter:creator\" content=\"@UnicelArch\" \/>\n<meta name=\"twitter:site\" content=\"@UnicelArch\" \/>\n<meta name=\"twitter:label1\" content=\"\u00c9crit par\" \/>\n\t<meta name=\"twitter:data1\" content=\"rbaltayan\" \/>\n\t<meta name=\"twitter:label2\" content=\"Dur\u00e9e de lecture estim\u00e9e\" \/>\n\t<meta name=\"twitter:data2\" content=\"11 minutes\" \/>\n<script type=\"application\/ld+json\" class=\"yoast-schema-graph\">{\"@context\":\"https:\/\/schema.org\",\"@graph\":[{\"@type\":\"Article\",\"@id\":\"https:\/\/unicelarchitectural.com\/fr\/lhopital-post-covid-concevoir-des-espaces-de-soins-de-sante-pour-faire-face-aux-pandemies\/#article\",\"isPartOf\":{\"@id\":\"https:\/\/unicelarchitectural.com\/fr\/lhopital-post-covid-concevoir-des-espaces-de-soins-de-sante-pour-faire-face-aux-pandemies\/\"},\"author\":{\"name\":\"rbaltayan\",\"@id\":\"https:\/\/unicelarchitectural.com\/fr\/#\/schema\/person\/92f2125bd0b4aa5984ecb3b302fb7eeb\"},\"headline\":\"L\u2019h\u00f4pital post-Covid: concevoir des espaces de soins de sant\u00e9 pour faire face aux pand\u00e9mies\",\"datePublished\":\"2021-10-28T13:50:55+00:00\",\"dateModified\":\"2021-10-30T19:27:30+00:00\",\"mainEntityOfPage\":{\"@id\":\"https:\/\/unicelarchitectural.com\/fr\/lhopital-post-covid-concevoir-des-espaces-de-soins-de-sante-pour-faire-face-aux-pandemies\/\"},\"wordCount\":2118,\"commentCount\":0,\"publisher\":{\"@id\":\"https:\/\/unicelarchitectural.com\/fr\/#organization\"},\"image\":{\"@id\":\"https:\/\/unicelarchitectural.com\/fr\/lhopital-post-covid-concevoir-des-espaces-de-soins-de-sante-pour-faire-face-aux-pandemies\/#primaryimage\"},\"thumbnailUrl\":\"https:\/\/unicelarchitectural.com\/wp-content\/uploads\/2021\/10\/UAC_Blog_DesigningHealthcareSpaces_786x600_01.jpg\",\"keywords\":[\"Vision Control\",\"Vision Control\"],\"articleSection\":[\"Blogue\",\"Innovation\"],\"inLanguage\":\"fr-FR\"},{\"@type\":\"WebPage\",\"@id\":\"https:\/\/unicelarchitectural.com\/fr\/lhopital-post-covid-concevoir-des-espaces-de-soins-de-sante-pour-faire-face-aux-pandemies\/\",\"url\":\"https:\/\/unicelarchitectural.com\/fr\/lhopital-post-covid-concevoir-des-espaces-de-soins-de-sante-pour-faire-face-aux-pandemies\/\",\"name\":\"L\u2019h\u00f4pital post-Covid: concevoir des espaces de soins de sant\u00e9 pour faire face aux pand\u00e9mies - Unicel Architectural\",\"isPartOf\":{\"@id\":\"https:\/\/unicelarchitectural.com\/fr\/#website\"},\"primaryImageOfPage\":{\"@id\":\"https:\/\/unicelarchitectural.com\/fr\/lhopital-post-covid-concevoir-des-espaces-de-soins-de-sante-pour-faire-face-aux-pandemies\/#primaryimage\"},\"image\":{\"@id\":\"https:\/\/unicelarchitectural.com\/fr\/lhopital-post-covid-concevoir-des-espaces-de-soins-de-sante-pour-faire-face-aux-pandemies\/#primaryimage\"},\"thumbnailUrl\":\"https:\/\/unicelarchitectural.com\/wp-content\/uploads\/2021\/10\/UAC_Blog_DesigningHealthcareSpaces_786x600_01.jpg\",\"datePublished\":\"2021-10-28T13:50:55+00:00\",\"dateModified\":\"2021-10-30T19:27:30+00:00\",\"breadcrumb\":{\"@id\":\"https:\/\/unicelarchitectural.com\/fr\/lhopital-post-covid-concevoir-des-espaces-de-soins-de-sante-pour-faire-face-aux-pandemies\/#breadcrumb\"},\"inLanguage\":\"fr-FR\",\"potentialAction\":[{\"@type\":\"ReadAction\",\"target\":[\"https:\/\/unicelarchitectural.com\/fr\/lhopital-post-covid-concevoir-des-espaces-de-soins-de-sante-pour-faire-face-aux-pandemies\/\"]}]},{\"@type\":\"ImageObject\",\"inLanguage\":\"fr-FR\",\"@id\":\"https:\/\/unicelarchitectural.com\/fr\/lhopital-post-covid-concevoir-des-espaces-de-soins-de-sante-pour-faire-face-aux-pandemies\/#primaryimage\",\"url\":\"https:\/\/unicelarchitectural.com\/wp-content\/uploads\/2021\/10\/UAC_Blog_DesigningHealthcareSpaces_786x600_01.jpg\",\"contentUrl\":\"https:\/\/unicelarchitectural.com\/wp-content\/uploads\/2021\/10\/UAC_Blog_DesigningHealthcareSpaces_786x600_01.jpg\",\"width\":786,\"height\":600},{\"@type\":\"BreadcrumbList\",\"@id\":\"https:\/\/unicelarchitectural.com\/fr\/lhopital-post-covid-concevoir-des-espaces-de-soins-de-sante-pour-faire-face-aux-pandemies\/#breadcrumb\",\"itemListElement\":[{\"@type\":\"ListItem\",\"position\":1,\"name\":\"Home\",\"item\":\"https:\/\/unicelarchitectural.com\/fr\/\"},{\"@type\":\"ListItem\",\"position\":2,\"name\":\"L\u2019h\u00f4pital post-Covid: concevoir des espaces de soins de sant\u00e9 pour faire face aux pand\u00e9mies\"}]},{\"@type\":\"WebSite\",\"@id\":\"https:\/\/unicelarchitectural.com\/fr\/#website\",\"url\":\"https:\/\/unicelarchitectural.com\/fr\/\",\"name\":\"Unicel Architectural\",\"description\":\"\",\"publisher\":{\"@id\":\"https:\/\/unicelarchitectural.com\/fr\/#organization\"},\"potentialAction\":[{\"@type\":\"SearchAction\",\"target\":{\"@type\":\"EntryPoint\",\"urlTemplate\":\"https:\/\/unicelarchitectural.com\/fr\/?s={search_term_string}\"},\"query-input\":{\"@type\":\"PropertyValueSpecification\",\"valueRequired\":true,\"valueName\":\"search_term_string\"}}],\"inLanguage\":\"fr-FR\"},{\"@type\":\"Organization\",\"@id\":\"https:\/\/unicelarchitectural.com\/fr\/#organization\",\"name\":\"Unicel Architectural\",\"url\":\"https:\/\/unicelarchitectural.com\/fr\/\",\"logo\":{\"@type\":\"ImageObject\",\"inLanguage\":\"fr-FR\",\"@id\":\"https:\/\/unicelarchitectural.com\/fr\/#\/schema\/logo\/image\/\",\"url\":\"https:\/\/unicelarchitectural.com\/wp-content\/uploads\/2020\/11\/FRE-LOGO.jpg\",\"contentUrl\":\"https:\/\/unicelarchitectural.com\/wp-content\/uploads\/2020\/11\/FRE-LOGO.jpg\",\"width\":713,\"height\":421,\"caption\":\"Unicel Architectural\"},\"image\":{\"@id\":\"https:\/\/unicelarchitectural.com\/fr\/#\/schema\/logo\/image\/\"},\"sameAs\":[\"https:\/\/www.facebook.com\/UnicelArchitectural\/\",\"https:\/\/x.com\/UnicelArch\",\"https:\/\/www.instagram.com\/unicelarch\/\",\"https:\/\/www.linkedin.com\/company\/unicel-architectural\/\",\"https:\/\/www.youtube.com\/channel\/UCkNCQHzA55XHzdKtKWytuHQ\/\"]},{\"@type\":\"Person\",\"@id\":\"https:\/\/unicelarchitectural.com\/fr\/#\/schema\/person\/92f2125bd0b4aa5984ecb3b302fb7eeb\",\"name\":\"rbaltayan\",\"image\":{\"@type\":\"ImageObject\",\"inLanguage\":\"fr-FR\",\"@id\":\"https:\/\/unicelarchitectural.com\/fr\/#\/schema\/person\/image\/\",\"url\":\"https:\/\/unicelarchitectural.com\/wp-content\/litespeed\/avatar\/f2d223b82f00c4d4704b6d75357aba48.jpg?ver=1777278227\",\"contentUrl\":\"https:\/\/unicelarchitectural.com\/wp-content\/litespeed\/avatar\/f2d223b82f00c4d4704b6d75357aba48.jpg?ver=1777278227\",\"caption\":\"rbaltayan\"}}]}<\/script>\n<!-- \/ Yoast SEO plugin. -->","yoast_head_json":{"title":"L\u2019h\u00f4pital post-Covid: concevoir des espaces de soins de sant\u00e9 pour faire face aux pand\u00e9mies - Unicel Architectural","robots":{"index":"index","follow":"follow","max-snippet":"max-snippet:-1","max-image-preview":"max-image-preview:large","max-video-preview":"max-video-preview:-1"},"canonical":"https:\/\/unicelarchitectural.com\/fr\/lhopital-post-covid-concevoir-des-espaces-de-soins-de-sante-pour-faire-face-aux-pandemies\/","og_locale":"fr_FR","og_type":"article","og_title":"L\u2019h\u00f4pital post-Covid: concevoir des espaces de soins de sant\u00e9 pour faire face aux pand\u00e9mies - Unicel Architectural","og_description":"Les pand\u00e9mies mondiales \u00e9taient autrefois des \u00e9v\u00e9nements uniques en un si\u00e8cle. \u00c0 cause des changements climatiques, \u00e0 un monde plus [&hellip;]","og_url":"https:\/\/unicelarchitectural.com\/fr\/lhopital-post-covid-concevoir-des-espaces-de-soins-de-sante-pour-faire-face-aux-pandemies\/","og_site_name":"Unicel Architectural","article_publisher":"https:\/\/www.facebook.com\/UnicelArchitectural\/","article_published_time":"2021-10-28T13:50:55+00:00","article_modified_time":"2021-10-30T19:27:30+00:00","og_image":[{"width":786,"height":600,"url":"https:\/\/unicelarchitectural.com\/wp-content\/uploads\/2021\/10\/UAC_Blog_DesigningHealthcareSpaces_786x600_01.jpg","type":"image\/jpeg"}],"author":"rbaltayan","twitter_card":"summary_large_image","twitter_creator":"@UnicelArch","twitter_site":"@UnicelArch","twitter_misc":{"\u00c9crit par":"rbaltayan","Dur\u00e9e de lecture estim\u00e9e":"11 minutes"},"schema":{"@context":"https:\/\/schema.org","@graph":[{"@type":"Article","@id":"https:\/\/unicelarchitectural.com\/fr\/lhopital-post-covid-concevoir-des-espaces-de-soins-de-sante-pour-faire-face-aux-pandemies\/#article","isPartOf":{"@id":"https:\/\/unicelarchitectural.com\/fr\/lhopital-post-covid-concevoir-des-espaces-de-soins-de-sante-pour-faire-face-aux-pandemies\/"},"author":{"name":"rbaltayan","@id":"https:\/\/unicelarchitectural.com\/fr\/#\/schema\/person\/92f2125bd0b4aa5984ecb3b302fb7eeb"},"headline":"L\u2019h\u00f4pital post-Covid: concevoir des espaces de soins de sant\u00e9 pour faire face aux pand\u00e9mies","datePublished":"2021-10-28T13:50:55+00:00","dateModified":"2021-10-30T19:27:30+00:00","mainEntityOfPage":{"@id":"https:\/\/unicelarchitectural.com\/fr\/lhopital-post-covid-concevoir-des-espaces-de-soins-de-sante-pour-faire-face-aux-pandemies\/"},"wordCount":2118,"commentCount":0,"publisher":{"@id":"https:\/\/unicelarchitectural.com\/fr\/#organization"},"image":{"@id":"https:\/\/unicelarchitectural.com\/fr\/lhopital-post-covid-concevoir-des-espaces-de-soins-de-sante-pour-faire-face-aux-pandemies\/#primaryimage"},"thumbnailUrl":"https:\/\/unicelarchitectural.com\/wp-content\/uploads\/2021\/10\/UAC_Blog_DesigningHealthcareSpaces_786x600_01.jpg","keywords":["Vision Control","Vision Control"],"articleSection":["Blogue","Innovation"],"inLanguage":"fr-FR"},{"@type":"WebPage","@id":"https:\/\/unicelarchitectural.com\/fr\/lhopital-post-covid-concevoir-des-espaces-de-soins-de-sante-pour-faire-face-aux-pandemies\/","url":"https:\/\/unicelarchitectural.com\/fr\/lhopital-post-covid-concevoir-des-espaces-de-soins-de-sante-pour-faire-face-aux-pandemies\/","name":"L\u2019h\u00f4pital post-Covid: concevoir des espaces de soins de sant\u00e9 pour faire face aux pand\u00e9mies - Unicel Architectural","isPartOf":{"@id":"https:\/\/unicelarchitectural.com\/fr\/#website"},"primaryImageOfPage":{"@id":"https:\/\/unicelarchitectural.com\/fr\/lhopital-post-covid-concevoir-des-espaces-de-soins-de-sante-pour-faire-face-aux-pandemies\/#primaryimage"},"image":{"@id":"https:\/\/unicelarchitectural.com\/fr\/lhopital-post-covid-concevoir-des-espaces-de-soins-de-sante-pour-faire-face-aux-pandemies\/#primaryimage"},"thumbnailUrl":"https:\/\/unicelarchitectural.com\/wp-content\/uploads\/2021\/10\/UAC_Blog_DesigningHealthcareSpaces_786x600_01.jpg","datePublished":"2021-10-28T13:50:55+00:00","dateModified":"2021-10-30T19:27:30+00:00","breadcrumb":{"@id":"https:\/\/unicelarchitectural.com\/fr\/lhopital-post-covid-concevoir-des-espaces-de-soins-de-sante-pour-faire-face-aux-pandemies\/#breadcrumb"},"inLanguage":"fr-FR","potentialAction":[{"@type":"ReadAction","target":["https:\/\/unicelarchitectural.com\/fr\/lhopital-post-covid-concevoir-des-espaces-de-soins-de-sante-pour-faire-face-aux-pandemies\/"]}]},{"@type":"ImageObject","inLanguage":"fr-FR","@id":"https:\/\/unicelarchitectural.com\/fr\/lhopital-post-covid-concevoir-des-espaces-de-soins-de-sante-pour-faire-face-aux-pandemies\/#primaryimage","url":"https:\/\/unicelarchitectural.com\/wp-content\/uploads\/2021\/10\/UAC_Blog_DesigningHealthcareSpaces_786x600_01.jpg","contentUrl":"https:\/\/unicelarchitectural.com\/wp-content\/uploads\/2021\/10\/UAC_Blog_DesigningHealthcareSpaces_786x600_01.jpg","width":786,"height":600},{"@type":"BreadcrumbList","@id":"https:\/\/unicelarchitectural.com\/fr\/lhopital-post-covid-concevoir-des-espaces-de-soins-de-sante-pour-faire-face-aux-pandemies\/#breadcrumb","itemListElement":[{"@type":"ListItem","position":1,"name":"Home","item":"https:\/\/unicelarchitectural.com\/fr\/"},{"@type":"ListItem","position":2,"name":"L\u2019h\u00f4pital post-Covid: concevoir des espaces de soins de sant\u00e9 pour faire face aux pand\u00e9mies"}]},{"@type":"WebSite","@id":"https:\/\/unicelarchitectural.com\/fr\/#website","url":"https:\/\/unicelarchitectural.com\/fr\/","name":"Unicel Architectural","description":"","publisher":{"@id":"https:\/\/unicelarchitectural.com\/fr\/#organization"},"potentialAction":[{"@type":"SearchAction","target":{"@type":"EntryPoint","urlTemplate":"https:\/\/unicelarchitectural.com\/fr\/?s={search_term_string}"},"query-input":{"@type":"PropertyValueSpecification","valueRequired":true,"valueName":"search_term_string"}}],"inLanguage":"fr-FR"},{"@type":"Organization","@id":"https:\/\/unicelarchitectural.com\/fr\/#organization","name":"Unicel Architectural","url":"https:\/\/unicelarchitectural.com\/fr\/","logo":{"@type":"ImageObject","inLanguage":"fr-FR","@id":"https:\/\/unicelarchitectural.com\/fr\/#\/schema\/logo\/image\/","url":"https:\/\/unicelarchitectural.com\/wp-content\/uploads\/2020\/11\/FRE-LOGO.jpg","contentUrl":"https:\/\/unicelarchitectural.com\/wp-content\/uploads\/2020\/11\/FRE-LOGO.jpg","width":713,"height":421,"caption":"Unicel Architectural"},"image":{"@id":"https:\/\/unicelarchitectural.com\/fr\/#\/schema\/logo\/image\/"},"sameAs":["https:\/\/www.facebook.com\/UnicelArchitectural\/","https:\/\/x.com\/UnicelArch","https:\/\/www.instagram.com\/unicelarch\/","https:\/\/www.linkedin.com\/company\/unicel-architectural\/","https:\/\/www.youtube.com\/channel\/UCkNCQHzA55XHzdKtKWytuHQ\/"]},{"@type":"Person","@id":"https:\/\/unicelarchitectural.com\/fr\/#\/schema\/person\/92f2125bd0b4aa5984ecb3b302fb7eeb","name":"rbaltayan","image":{"@type":"ImageObject","inLanguage":"fr-FR","@id":"https:\/\/unicelarchitectural.com\/fr\/#\/schema\/person\/image\/","url":"https:\/\/unicelarchitectural.com\/wp-content\/litespeed\/avatar\/f2d223b82f00c4d4704b6d75357aba48.jpg?ver=1777278227","contentUrl":"https:\/\/unicelarchitectural.com\/wp-content\/litespeed\/avatar\/f2d223b82f00c4d4704b6d75357aba48.jpg?ver=1777278227","caption":"rbaltayan"}}]}},"_links":{"self":[{"href":"https:\/\/unicelarchitectural.com\/fr\/wp-json\/wp\/v2\/posts\/20958","targetHints":{"allow":["GET"]}}],"collection":[{"href":"https:\/\/unicelarchitectural.com\/fr\/wp-json\/wp\/v2\/posts"}],"about":[{"href":"https:\/\/unicelarchitectural.com\/fr\/wp-json\/wp\/v2\/types\/post"}],"author":[{"embeddable":true,"href":"https:\/\/unicelarchitectural.com\/fr\/wp-json\/wp\/v2\/users\/4"}],"replies":[{"embeddable":true,"href":"https:\/\/unicelarchitectural.com\/fr\/wp-json\/wp\/v2\/comments?post=20958"}],"version-history":[{"count":0,"href":"https:\/\/unicelarchitectural.com\/fr\/wp-json\/wp\/v2\/posts\/20958\/revisions"}],"wp:featuredmedia":[{"embeddable":true,"href":"https:\/\/unicelarchitectural.com\/fr\/wp-json\/wp\/v2\/media\/20956"}],"wp:attachment":[{"href":"https:\/\/unicelarchitectural.com\/fr\/wp-json\/wp\/v2\/media?parent=20958"}],"wp:term":[{"taxonomy":"category","embeddable":true,"href":"https:\/\/unicelarchitectural.com\/fr\/wp-json\/wp\/v2\/categories?post=20958"},{"taxonomy":"post_tag","embeddable":true,"href":"https:\/\/unicelarchitectural.com\/fr\/wp-json\/wp\/v2\/tags?post=20958"}],"curies":[{"name":"wp","href":"https:\/\/api.w.org\/{rel}","templated":true}]}}