{"id":20184,"date":"2021-02-17T21:51:45","date_gmt":"2021-02-17T21:51:45","guid":{"rendered":"https:\/\/unicelarchitectural.com\/?p=20184"},"modified":"2022-03-24T20:10:21","modified_gmt":"2022-03-24T20:10:21","slug":"conception-acoustique-pour-les-etablissements-de-sante-mentale-et-comportementale-5-choses-a-considerer","status":"publish","type":"post","link":"https:\/\/unicelarchitectural.com\/fr\/conception-acoustique-pour-les-etablissements-de-sante-mentale-et-comportementale-5-choses-a-considerer\/","title":{"rendered":"Conception acoustique pour les \u00e9tablissements de sant\u00e9 mentale et comportementale"},"content":{"rendered":"<p>Au cours des derni\u00e8res d\u00e9cennies, on s\u2019est de plus en plus pr\u00e9occup\u00e9 <a href=\"https:\/\/healthcaredesignmagazine.com\/trends\/architecture\/acoustical-design-healthcare-issue-needs-be-heard\/\" target=\"_blank\" rel=\"noopener noreferrer\">des effets du bruit<\/a> sur la sant\u00e9. Toutes les \u00e9tudes ont d\u00e9montr\u00e9 que les niveaux de bruit excessif (le Johns Hopkins Hospital <a href=\"https:\/\/www.researchgate.net\/publication\/7352418_Noise_levels_in_Johns_Hopkins_Hospital\" target=\"_blank\" rel=\"noopener noreferrer\">affirme<\/a> qu\u2019ils ont augment\u00e9 de fa\u00e7on constante dans les milieux hospitaliers depuis les ann\u00e9es 1960) affectent n\u00e9gativement les soignants et les patients de plusieurs fa\u00e7ons, comme des niveaux \u00e9lev\u00e9s de stress, une communication moins efficace, une mauvaise qualit\u00e9 du sommeil et m\u00eame des erreurs m\u00e9dicales potentielles. <\/p>\n<p>Mais bien que la plupart des architectes et des prescripteurs soient maintenant conscients des consid\u00e9rations acoustiques requises pour une conception efficace des \u00e9tablissements de soins de sant\u00e9, moins de temps a \u00e9t\u00e9 consacr\u00e9 aux exigences acoustiques des \u00e9tablissements de sant\u00e9 mentale et comportementale.<\/p>\n<p>Selon les experts, ces installations exigent des consid\u00e9rations encore plus sp\u00e9cialis\u00e9es, en partie parce que les mat\u00e9riaux de construction sp\u00e9cifi\u00e9s pour ces projets doivent aussi \u00eatre int\u00e9gr\u00e9s avec la s\u00e9curit\u00e9 des patients et du personnel, la visibilit\u00e9, l\u2019efficacit\u00e9 et la rentabilit\u00e9. En effet, selon <a href=\"https:\/\/caa-aca.ca\/?lang=fr\" target=\"_blank\" rel=\"noopener noreferrer\">l\u2019Association canadienne d\u2019acoustique<\/a> (CAA), les concepteurs d\u2019\u00e9tablissements de sant\u00e9 mentale et comportementale doivent \u00e9galement tenir compte d\u2019un \u00e9ventail de facteurs qui ne sont habituellement pas observ\u00e9s dans la conception des soins de sant\u00e9 ordinaires. \u00ab La population de patients est g\u00e9n\u00e9ralement tr\u00e8s vuln\u00e9rable, avec une faible tol\u00e9rance aux facteurs de stress \u00bb, indique une \u00e9tude de la CAA r\u00e9alis\u00e9e en 2019 par les consultants en g\u00e9nie acoustique <a href=\"https:\/\/bkl.ca\/\" target=\"_blank\" rel=\"noopener noreferrer\">BKL<\/a>.<\/p>\n<p>\u00ab La d\u00e9pression, l\u2019anxi\u00e9t\u00e9, les troubles du comportement ou de la personnalit\u00e9 ainsi que les tendances abusives ou chaotiques entrent en ligne de compte dans leurs besoins en mati\u00e8re de soins de sant\u00e9 \u00bb, indique l\u2019\u00e9tude. \u00ab Dans certains cas, le bruit ou m\u00eame des sons particuliers peuvent jouer un r\u00f4le ou d\u00e9clencher certains sympt\u00f4mes. \u00bb L\u2019\u00e9tude note \u00e9galement que, m\u00eame si le bruit excessif peut contribuer \u00e0 l\u2019agitation des patients et \u00e0 d\u2019autres probl\u00e8mes, le calme excessif peut aussi \u00eatre probl\u00e9matique cr\u00e9ant ainsi des sentiments de solitude ou d\u2019isolement.<\/p>\n<p>Toutes ces <a href=\"https:\/\/unicelarchitectural.com\/fr\/why-mental-and-behavioral-health-design-requires-unique-considerations\/\" target=\"_blank\" rel=\"noopener noreferrer\">consid\u00e9rations<\/a> illustrent les d\u00e9fis et les opportunit\u00e9s uniques auxquels font face les concepteurs d\u2019\u00e9tablissements de sant\u00e9 mentale et comportementale. Nous examinerons quelques-uns de ces d\u00e9fis et opportunit\u00e9s ci-dessous.<\/p>\n<h2>S\u00e9curit\u00e9 des patients et du personnel<\/h2>\n<p>Le bruit est une consid\u00e9ration majeure lors de la planification de la s\u00e9curit\u00e9 des patients et du personnel dans un \u00e9tablissement de sant\u00e9 mentale et comportementale. Le suicide des patients est un risque \u00e9norme, mais il y a d\u2019autres probl\u00e8mes de s\u00e9curit\u00e9 majeurs comme les chutes, les \u00e9vasions (ou fugues) ainsi que l\u2019agressivit\u00e9 envers d\u2019autres patients ou membres du personnel. Une bonne conception et de bons mat\u00e9riaux peuvent cependant aider \u00e0 abaisser les niveaux d\u2019agitation et \u00e0 pr\u00e9venir ces probl\u00e8mes. Une <a href=\"https:\/\/www.utne.com\/mind-and-body\/mental-health-hospitals-zm0z13sozlin\" target=\"_blank\" rel=\"noopener noreferrer\">\u00e9tude r\u00e9alis\u00e9e en 2013<\/a> par l\u2019Universit\u00e9 de technologie Chalmers et l\u2019Universit\u00e9 de G\u00f6teborg a \u00e9tabli un lien entre la conception de l\u2019h\u00f4pital et l\u2019agressivit\u00e9 des patients, indiquant que les installations con\u00e7ues pour att\u00e9nuer le bruit potentiel et les foules peuvent r\u00e9duire les risques d\u2019incidents violents. Les concepteurs et les prescripteurs doivent \u00e9galement s\u2019assurer d\u2019utiliser des mat\u00e9riaux r\u00e9sistant au suicide tels que le verre incassable et les dispositifs r\u00e9sistants \u00e0 la ligature \u2013 selon <a href=\"https:\/\/www.healthdesign.org\/system\/files\/Shepley%20et%20al.%20-%202016%20-%20Mental%20and%20Behavioral%20Health%20Environments%20Measure.pdf\" target=\"_blank\" rel=\"noopener noreferrer\">une \u00e9tude<\/a>, ce dernier est le\u00ab plus important contributeur environnemental \u00e0 la r\u00e9sistance au suicide \u00bb.<\/p>\n<h2>Visibilit\u00e9 et vie priv\u00e9e des patients<\/h2>\n<p>Afin d\u2019am\u00e9liorer la s\u00e9curit\u00e9 des patients et d\u2019encourager les meilleurs r\u00e9sultats possibles en mati\u00e8re de sant\u00e9, les concepteurs d\u2019\u00e9tablissements doivent \u00e9galement offrir aux patients une protection de la vie priv\u00e9e et une r\u00e9duction du bruit sans enlever la visibilit\u00e9 dont les infirmi\u00e8res et les m\u00e9decins ont besoin pour prendre soin d\u2019eux ad\u00e9quatement. De <a href=\"https:\/\/healthfacilityguidelines.com\/ViewPDF\/ViewIndexPDF\/iHFG_part_b_mental_health_unit_older_persons\" target=\"_blank\" rel=\"noopener noreferrer\">bonnes lignes de visibilit\u00e9<\/a> le long des corridors et des aires communes et l\u2019\u00e9vitement des zones isol\u00e9es gr\u00e2ce \u00e0 des plans d\u2019\u00e9tage ouverts et bien con\u00e7us sont essentiels \u2013 le personnel doit toujours avoir une bonne visibilit\u00e9 dans les zones des patients, m\u00eame lorsque les patients croient qu\u2019ils ont leur intimit\u00e9. Les patients ont \u00e9galement besoin d\u2019acc\u00e9der \u00e0 la lumi\u00e8re naturelle et (id\u00e9alement) \u00e0 l\u2019ext\u00e9rieur gr\u00e2ce \u00e0 une conception ouverte et \u00e0 l\u2019utilisation de fen\u00eatres qui agissent \u00e9galement comme des barri\u00e8res antibruit.<\/p>\n<h2>Consid\u00e9rations relatives au personnel de premi\u00e8re ligne<\/h2>\n<p>Le personnel m\u00e9dical de premi\u00e8re ligne est essentiel pour fournir les soins appropri\u00e9s dans les \u00e9tablissements de sant\u00e9 comportementale et mentale. Selon une <a href=\"https:\/\/www.healthdesign.org\/system\/files\/Shepley%20et%20al.%20-%202016%20-%20Mental%20and%20Behavioral%20Health%20Environments%20Measure.pdf\" target=\"_blank\" rel=\"noopener noreferrer\">enqu\u00eate conjointe<\/a> Shepley-Bulfinch du Cornell University aupr\u00e8s des professionnels de la sant\u00e9 comportementale, un bon contr\u00f4le du bruit \u00e9tait la deuxi\u00e8me cat\u00e9gorie environnementale en importance parmi les personnes sond\u00e9es (l\u2019innocuit\u00e9 ad\u00e9quate \u00e9tait no 1). En m\u00eame temps, on a \u00e9galement d\u00e9termin\u00e9 que le contr\u00f4le du bruit \u00e9tait la caract\u00e9ristique environnementale la moins efficace dans les installations des r\u00e9pondants, ce qui indique que de nombreuses installations doivent faire davantage pour r\u00e9pondre aux attentes du personnel et aux besoins des patients.<\/p>\n<h2>Am\u00e9lioration des r\u00e9sultats en mati\u00e8re de sant\u00e9<\/h2>\n<p>L\u2019\u00e9l\u00e9ment cl\u00e9 de l\u2019importance de la r\u00e9duction du bruit est peut-\u00eatre qu\u2019elle am\u00e9liore les r\u00e9sultats en mati\u00e8re de soins de sant\u00e9. <a href=\"http:\/\/www.brown.uk.com\/publications\/ijnssound.pdf\" target=\"_blank\" rel=\"noopener noreferrer\">Brown et coll.<\/a> (2015) ont conclu dans l\u2019International Journal of Nursing Studies que \u00ab l\u2019exc\u00e8s de bruit ind\u00e9sirable peut clairement nuire \u00e0 la sant\u00e9 et au r\u00e9tablissement et qu\u2019 il est important de commencer \u00e0 penser aux fonctions sociales du son dans l\u2019environnement de la sant\u00e9 mentale \u00bb. Dans les \u00e9tablissements de sant\u00e9 mentale et comportementale, ces besoins sont urgents: les chambres s\u00e9curis\u00e9es, les espaces de d\u00e9sescalade et les salles de consultation <a href=\"https:\/\/jcaa.caa-aca.ca\/index.php\/jcaa\/article\/view\/3346\/3231\" target=\"_blank\" rel=\"noopener noreferrer\">exigent<\/a> tous le contr\u00f4le des r\u00e9verb\u00e9rations du son pour permettre une meilleure intimit\u00e9 et tranquillit\u00e9 des patients.<\/p>\n<h2>Louvres int\u00e9gr\u00e9es pour une meilleure conception acoustique<\/h2>\n<p>La technologie avanc\u00e9e de vitrage \u00e0 louvres Vision Control\u00ae d\u2019Unicel Architectural aide les concepteurs d\u2019\u00e9tablissements de sant\u00e9 mentale et comportementale \u00e0 relever ces d\u00e9fis et \u00e0 saisir ces occasions. Ces unit\u00e9s de verre herm\u00e9tiquement scell\u00e9es combinent des louvres dans le verre qui peuvent \u00eatre adapt\u00e9es aux besoins du client \u00e0 pratiquement n\u2019importe quelle forme pour des applications int\u00e9rieures et ext\u00e9rieures de vitrage et incluent les op\u00e9rateurs r\u00e9sistants aux ligatures et le <a href=\"https:\/\/unicelarchitectural.com\/fr\/le-vitrage-scelle-avec-louvres-integrees-vision-controlmd-certifie-pour-utilisation-dans-des-etablissements-de-sante-comportementale\/\" target=\"_blank\" rel=\"noopener noreferrer\">verre r\u00e9sistant aux impacts<\/a> pour le maximum dans la s\u00e9curit\u00e9 des patients et du personnel. Ils sont sp\u00e9cifiquement con\u00e7us pour fournir un contr\u00f4le sans pr\u00e9c\u00e9dent de la vision, de la lumi\u00e8re, de la temp\u00e9rature et du son, incluant les fonctions de contr\u00f4le sonore suivantes:<\/p>\n<ul>\n<li>Leur espace a\u00e9rien d\u00e9shydrat\u00e9 de 2 1\/2 po (63,5 mm) r\u00e9duit consid\u00e9rablement le bruit, offrant une att\u00e9nuation sonore sup\u00e9rieure aux unit\u00e9s de verre scell\u00e9e avec espaces a\u00e9riens standard<\/li>\n<li>Leurs commandes r\u00e9sistantes \u00e0 la ligature fonctionnent en douceur et sans bruit et assurent un fonctionnement facile<\/li>\n<li>Lorsqu\u2019elles sont ferm\u00e9es, les louvres aident \u00e0 att\u00e9nuer le son lorsque le silence ou la r\u00e9duction du bruit est requis gr\u00e2ce \u00e0 des panneaux vitr\u00e9s insonorisants avec louvres<\/li>\n<li>La technologie Vision Control peut facilement \u00eatre utilis\u00e9e pour des applications int\u00e9rieures de fen\u00eatres ou de portes pour les chambres des patients, fournissant des chambres priv\u00e9es pour les patients d\u00e9sirant un minimum de bruit et qui sont aussi facilement surveill\u00e9es par le personnel<\/li>\n<\/ul>\n<p>Comme nous l\u2019avons vu, les architectes et les concepteurs travaillant sur des projets de sant\u00e9 mentale et comportementale doivent \u00e9valuer plusieurs consid\u00e9rations lors de la sp\u00e9cification des mat\u00e9riaux, incluant la s\u00e9curit\u00e9 des patients et du personnel, la visibilit\u00e9, la vie priv\u00e9e des patients, et une bonne conception acoustique. Id\u00e9alement, les mat\u00e9riaux de construction sp\u00e9cifi\u00e9s pour ces installations doivent relever tous ces d\u00e9fis, tout en tenant compte de l\u2019efficience, de la rentabilit\u00e9 et de l\u2019aspect esth\u00e9tique.<\/p>\n<p><em>Vous voulez en savoir plus sur la fa\u00e7on dont les louvres int\u00e9gr\u00e9es <a href=\"https:\/\/unicelarchitectural.com\/fr\/specialties-products\/vision-control\/\" target=\"_blank\" rel=\"noopener noreferrer\">Vision Control<\/a> aident \u00e0 relever ces d\u00e9fis ainsi que plusieurs autres dans la conception d\u2019installations de sant\u00e9 mentale et comportementale? <a href=\"https:\/\/unicelarchitectural.com\/fr\/nous-joindre\/\" target=\"_blank\" rel=\"noopener noreferrer\">Contactez-nous<\/a> d\u00e8s aujourd\u2019hui.<\/em><\/p>\n","protected":false},"excerpt":{"rendered":"<p>Au cours des derni\u00e8res d\u00e9cennies, on s\u2019est de plus en plus pr\u00e9occup\u00e9 des effets du bruit sur la sant\u00e9. Toutes [&hellip;]<\/p>\n","protected":false},"author":4,"featured_media":20174,"comment_status":"open","ping_status":"open","sticky":false,"template":"","format":"standard","meta":{"_acf_changed":false,"footnotes":""},"categories":[106],"tags":[118],"class_list":["post-20184","post","type-post","status-publish","format-standard","has-post-thumbnail","hentry","category-blog-fr","tag-vision-control-fr","product_type-innovation-fr"],"acf":[],"yoast_head":"<!-- This site is optimized with the Yoast SEO plugin v27.1.1 - https:\/\/yoast.com\/product\/yoast-seo-wordpress\/ -->\n<title>Conception acoustique pour les \u00e9tablissements de sant\u00e9 mentale et comportementale - Unicel Architectural<\/title>\n<meta name=\"robots\" content=\"index, follow, max-snippet:-1, max-image-preview:large, max-video-preview:-1\" \/>\n<link rel=\"canonical\" href=\"https:\/\/unicelarchitectural.com\/fr\/conception-acoustique-pour-les-etablissements-de-sante-mentale-et-comportementale-5-choses-a-considerer\/\" \/>\n<meta property=\"og:locale\" content=\"fr_FR\" \/>\n<meta property=\"og:type\" content=\"article\" \/>\n<meta property=\"og:title\" content=\"Conception acoustique pour les \u00e9tablissements de sant\u00e9 mentale et comportementale - Unicel Architectural\" \/>\n<meta property=\"og:description\" content=\"Au cours des derni\u00e8res d\u00e9cennies, on s\u2019est de plus en plus pr\u00e9occup\u00e9 des effets du bruit sur la sant\u00e9. Toutes [&hellip;]\" \/>\n<meta property=\"og:url\" content=\"https:\/\/unicelarchitectural.com\/fr\/conception-acoustique-pour-les-etablissements-de-sante-mentale-et-comportementale-5-choses-a-considerer\/\" \/>\n<meta property=\"og:site_name\" content=\"Unicel Architectural\" \/>\n<meta property=\"article:publisher\" content=\"https:\/\/www.facebook.com\/UnicelArchitectural\/\" \/>\n<meta property=\"article:published_time\" content=\"2021-02-17T21:51:45+00:00\" \/>\n<meta property=\"article:modified_time\" content=\"2022-03-24T20:10:21+00:00\" \/>\n<meta property=\"og:image\" content=\"https:\/\/unicelarchitectural.com\/wp-content\/uploads\/2021\/02\/Photo_AcousticalDesign_786x600.jpg\" \/>\n\t<meta property=\"og:image:width\" content=\"786\" \/>\n\t<meta property=\"og:image:height\" content=\"600\" \/>\n\t<meta property=\"og:image:type\" content=\"image\/jpeg\" \/>\n<meta name=\"author\" content=\"rbaltayan\" \/>\n<meta name=\"twitter:card\" content=\"summary_large_image\" \/>\n<meta name=\"twitter:creator\" content=\"@UnicelArch\" \/>\n<meta name=\"twitter:site\" content=\"@UnicelArch\" \/>\n<meta name=\"twitter:label1\" content=\"\u00c9crit par\" \/>\n\t<meta name=\"twitter:data1\" content=\"rbaltayan\" \/>\n\t<meta name=\"twitter:label2\" content=\"Dur\u00e9e de lecture estim\u00e9e\" \/>\n\t<meta name=\"twitter:data2\" content=\"7 minutes\" \/>\n<script type=\"application\/ld+json\" class=\"yoast-schema-graph\">{\"@context\":\"https:\/\/schema.org\",\"@graph\":[{\"@type\":\"Article\",\"@id\":\"https:\/\/unicelarchitectural.com\/fr\/conception-acoustique-pour-les-etablissements-de-sante-mentale-et-comportementale-5-choses-a-considerer\/#article\",\"isPartOf\":{\"@id\":\"https:\/\/unicelarchitectural.com\/fr\/conception-acoustique-pour-les-etablissements-de-sante-mentale-et-comportementale-5-choses-a-considerer\/\"},\"author\":{\"name\":\"rbaltayan\",\"@id\":\"https:\/\/unicelarchitectural.com\/fr\/#\/schema\/person\/92f2125bd0b4aa5984ecb3b302fb7eeb\"},\"headline\":\"Conception acoustique pour les \u00e9tablissements de sant\u00e9 mentale et comportementale\",\"datePublished\":\"2021-02-17T21:51:45+00:00\",\"dateModified\":\"2022-03-24T20:10:21+00:00\",\"mainEntityOfPage\":{\"@id\":\"https:\/\/unicelarchitectural.com\/fr\/conception-acoustique-pour-les-etablissements-de-sante-mentale-et-comportementale-5-choses-a-considerer\/\"},\"wordCount\":1448,\"commentCount\":0,\"publisher\":{\"@id\":\"https:\/\/unicelarchitectural.com\/fr\/#organization\"},\"image\":{\"@id\":\"https:\/\/unicelarchitectural.com\/fr\/conception-acoustique-pour-les-etablissements-de-sante-mentale-et-comportementale-5-choses-a-considerer\/#primaryimage\"},\"thumbnailUrl\":\"https:\/\/unicelarchitectural.com\/wp-content\/uploads\/2021\/02\/Photo_AcousticalDesign_786x600.jpg\",\"keywords\":[\"Vision Control\"],\"articleSection\":[\"Blogue\"],\"inLanguage\":\"fr-FR\"},{\"@type\":\"WebPage\",\"@id\":\"https:\/\/unicelarchitectural.com\/fr\/conception-acoustique-pour-les-etablissements-de-sante-mentale-et-comportementale-5-choses-a-considerer\/\",\"url\":\"https:\/\/unicelarchitectural.com\/fr\/conception-acoustique-pour-les-etablissements-de-sante-mentale-et-comportementale-5-choses-a-considerer\/\",\"name\":\"Conception acoustique pour les \u00e9tablissements de sant\u00e9 mentale et comportementale - Unicel Architectural\",\"isPartOf\":{\"@id\":\"https:\/\/unicelarchitectural.com\/fr\/#website\"},\"primaryImageOfPage\":{\"@id\":\"https:\/\/unicelarchitectural.com\/fr\/conception-acoustique-pour-les-etablissements-de-sante-mentale-et-comportementale-5-choses-a-considerer\/#primaryimage\"},\"image\":{\"@id\":\"https:\/\/unicelarchitectural.com\/fr\/conception-acoustique-pour-les-etablissements-de-sante-mentale-et-comportementale-5-choses-a-considerer\/#primaryimage\"},\"thumbnailUrl\":\"https:\/\/unicelarchitectural.com\/wp-content\/uploads\/2021\/02\/Photo_AcousticalDesign_786x600.jpg\",\"datePublished\":\"2021-02-17T21:51:45+00:00\",\"dateModified\":\"2022-03-24T20:10:21+00:00\",\"breadcrumb\":{\"@id\":\"https:\/\/unicelarchitectural.com\/fr\/conception-acoustique-pour-les-etablissements-de-sante-mentale-et-comportementale-5-choses-a-considerer\/#breadcrumb\"},\"inLanguage\":\"fr-FR\",\"potentialAction\":[{\"@type\":\"ReadAction\",\"target\":[\"https:\/\/unicelarchitectural.com\/fr\/conception-acoustique-pour-les-etablissements-de-sante-mentale-et-comportementale-5-choses-a-considerer\/\"]}]},{\"@type\":\"ImageObject\",\"inLanguage\":\"fr-FR\",\"@id\":\"https:\/\/unicelarchitectural.com\/fr\/conception-acoustique-pour-les-etablissements-de-sante-mentale-et-comportementale-5-choses-a-considerer\/#primaryimage\",\"url\":\"https:\/\/unicelarchitectural.com\/wp-content\/uploads\/2021\/02\/Photo_AcousticalDesign_786x600.jpg\",\"contentUrl\":\"https:\/\/unicelarchitectural.com\/wp-content\/uploads\/2021\/02\/Photo_AcousticalDesign_786x600.jpg\",\"width\":786,\"height\":600},{\"@type\":\"BreadcrumbList\",\"@id\":\"https:\/\/unicelarchitectural.com\/fr\/conception-acoustique-pour-les-etablissements-de-sante-mentale-et-comportementale-5-choses-a-considerer\/#breadcrumb\",\"itemListElement\":[{\"@type\":\"ListItem\",\"position\":1,\"name\":\"Home\",\"item\":\"https:\/\/unicelarchitectural.com\/fr\/\"},{\"@type\":\"ListItem\",\"position\":2,\"name\":\"Conception acoustique pour les \u00e9tablissements de sant\u00e9 mentale et comportementale\"}]},{\"@type\":\"WebSite\",\"@id\":\"https:\/\/unicelarchitectural.com\/fr\/#website\",\"url\":\"https:\/\/unicelarchitectural.com\/fr\/\",\"name\":\"Unicel Architectural\",\"description\":\"\",\"publisher\":{\"@id\":\"https:\/\/unicelarchitectural.com\/fr\/#organization\"},\"potentialAction\":[{\"@type\":\"SearchAction\",\"target\":{\"@type\":\"EntryPoint\",\"urlTemplate\":\"https:\/\/unicelarchitectural.com\/fr\/?s={search_term_string}\"},\"query-input\":{\"@type\":\"PropertyValueSpecification\",\"valueRequired\":true,\"valueName\":\"search_term_string\"}}],\"inLanguage\":\"fr-FR\"},{\"@type\":\"Organization\",\"@id\":\"https:\/\/unicelarchitectural.com\/fr\/#organization\",\"name\":\"Unicel Architectural\",\"url\":\"https:\/\/unicelarchitectural.com\/fr\/\",\"logo\":{\"@type\":\"ImageObject\",\"inLanguage\":\"fr-FR\",\"@id\":\"https:\/\/unicelarchitectural.com\/fr\/#\/schema\/logo\/image\/\",\"url\":\"https:\/\/unicelarchitectural.com\/wp-content\/uploads\/2020\/11\/FRE-LOGO.jpg\",\"contentUrl\":\"https:\/\/unicelarchitectural.com\/wp-content\/uploads\/2020\/11\/FRE-LOGO.jpg\",\"width\":713,\"height\":421,\"caption\":\"Unicel Architectural\"},\"image\":{\"@id\":\"https:\/\/unicelarchitectural.com\/fr\/#\/schema\/logo\/image\/\"},\"sameAs\":[\"https:\/\/www.facebook.com\/UnicelArchitectural\/\",\"https:\/\/x.com\/UnicelArch\",\"https:\/\/www.instagram.com\/unicelarch\/\",\"https:\/\/www.linkedin.com\/company\/unicel-architectural\/\",\"https:\/\/www.youtube.com\/channel\/UCkNCQHzA55XHzdKtKWytuHQ\/\"]},{\"@type\":\"Person\",\"@id\":\"https:\/\/unicelarchitectural.com\/fr\/#\/schema\/person\/92f2125bd0b4aa5984ecb3b302fb7eeb\",\"name\":\"rbaltayan\",\"image\":{\"@type\":\"ImageObject\",\"inLanguage\":\"fr-FR\",\"@id\":\"https:\/\/unicelarchitectural.com\/fr\/#\/schema\/person\/image\/\",\"url\":\"https:\/\/unicelarchitectural.com\/wp-content\/litespeed\/avatar\/f2d223b82f00c4d4704b6d75357aba48.jpg?ver=1777278227\",\"contentUrl\":\"https:\/\/unicelarchitectural.com\/wp-content\/litespeed\/avatar\/f2d223b82f00c4d4704b6d75357aba48.jpg?ver=1777278227\",\"caption\":\"rbaltayan\"}}]}<\/script>\n<!-- \/ Yoast SEO plugin. -->","yoast_head_json":{"title":"Conception acoustique pour les \u00e9tablissements de sant\u00e9 mentale et comportementale - Unicel Architectural","robots":{"index":"index","follow":"follow","max-snippet":"max-snippet:-1","max-image-preview":"max-image-preview:large","max-video-preview":"max-video-preview:-1"},"canonical":"https:\/\/unicelarchitectural.com\/fr\/conception-acoustique-pour-les-etablissements-de-sante-mentale-et-comportementale-5-choses-a-considerer\/","og_locale":"fr_FR","og_type":"article","og_title":"Conception acoustique pour les \u00e9tablissements de sant\u00e9 mentale et comportementale - Unicel Architectural","og_description":"Au cours des derni\u00e8res d\u00e9cennies, on s\u2019est de plus en plus pr\u00e9occup\u00e9 des effets du bruit sur la sant\u00e9. Toutes [&hellip;]","og_url":"https:\/\/unicelarchitectural.com\/fr\/conception-acoustique-pour-les-etablissements-de-sante-mentale-et-comportementale-5-choses-a-considerer\/","og_site_name":"Unicel Architectural","article_publisher":"https:\/\/www.facebook.com\/UnicelArchitectural\/","article_published_time":"2021-02-17T21:51:45+00:00","article_modified_time":"2022-03-24T20:10:21+00:00","og_image":[{"width":786,"height":600,"url":"https:\/\/unicelarchitectural.com\/wp-content\/uploads\/2021\/02\/Photo_AcousticalDesign_786x600.jpg","type":"image\/jpeg"}],"author":"rbaltayan","twitter_card":"summary_large_image","twitter_creator":"@UnicelArch","twitter_site":"@UnicelArch","twitter_misc":{"\u00c9crit par":"rbaltayan","Dur\u00e9e de lecture estim\u00e9e":"7 minutes"},"schema":{"@context":"https:\/\/schema.org","@graph":[{"@type":"Article","@id":"https:\/\/unicelarchitectural.com\/fr\/conception-acoustique-pour-les-etablissements-de-sante-mentale-et-comportementale-5-choses-a-considerer\/#article","isPartOf":{"@id":"https:\/\/unicelarchitectural.com\/fr\/conception-acoustique-pour-les-etablissements-de-sante-mentale-et-comportementale-5-choses-a-considerer\/"},"author":{"name":"rbaltayan","@id":"https:\/\/unicelarchitectural.com\/fr\/#\/schema\/person\/92f2125bd0b4aa5984ecb3b302fb7eeb"},"headline":"Conception acoustique pour les \u00e9tablissements de sant\u00e9 mentale et comportementale","datePublished":"2021-02-17T21:51:45+00:00","dateModified":"2022-03-24T20:10:21+00:00","mainEntityOfPage":{"@id":"https:\/\/unicelarchitectural.com\/fr\/conception-acoustique-pour-les-etablissements-de-sante-mentale-et-comportementale-5-choses-a-considerer\/"},"wordCount":1448,"commentCount":0,"publisher":{"@id":"https:\/\/unicelarchitectural.com\/fr\/#organization"},"image":{"@id":"https:\/\/unicelarchitectural.com\/fr\/conception-acoustique-pour-les-etablissements-de-sante-mentale-et-comportementale-5-choses-a-considerer\/#primaryimage"},"thumbnailUrl":"https:\/\/unicelarchitectural.com\/wp-content\/uploads\/2021\/02\/Photo_AcousticalDesign_786x600.jpg","keywords":["Vision Control"],"articleSection":["Blogue"],"inLanguage":"fr-FR"},{"@type":"WebPage","@id":"https:\/\/unicelarchitectural.com\/fr\/conception-acoustique-pour-les-etablissements-de-sante-mentale-et-comportementale-5-choses-a-considerer\/","url":"https:\/\/unicelarchitectural.com\/fr\/conception-acoustique-pour-les-etablissements-de-sante-mentale-et-comportementale-5-choses-a-considerer\/","name":"Conception acoustique pour les \u00e9tablissements de sant\u00e9 mentale et comportementale - Unicel Architectural","isPartOf":{"@id":"https:\/\/unicelarchitectural.com\/fr\/#website"},"primaryImageOfPage":{"@id":"https:\/\/unicelarchitectural.com\/fr\/conception-acoustique-pour-les-etablissements-de-sante-mentale-et-comportementale-5-choses-a-considerer\/#primaryimage"},"image":{"@id":"https:\/\/unicelarchitectural.com\/fr\/conception-acoustique-pour-les-etablissements-de-sante-mentale-et-comportementale-5-choses-a-considerer\/#primaryimage"},"thumbnailUrl":"https:\/\/unicelarchitectural.com\/wp-content\/uploads\/2021\/02\/Photo_AcousticalDesign_786x600.jpg","datePublished":"2021-02-17T21:51:45+00:00","dateModified":"2022-03-24T20:10:21+00:00","breadcrumb":{"@id":"https:\/\/unicelarchitectural.com\/fr\/conception-acoustique-pour-les-etablissements-de-sante-mentale-et-comportementale-5-choses-a-considerer\/#breadcrumb"},"inLanguage":"fr-FR","potentialAction":[{"@type":"ReadAction","target":["https:\/\/unicelarchitectural.com\/fr\/conception-acoustique-pour-les-etablissements-de-sante-mentale-et-comportementale-5-choses-a-considerer\/"]}]},{"@type":"ImageObject","inLanguage":"fr-FR","@id":"https:\/\/unicelarchitectural.com\/fr\/conception-acoustique-pour-les-etablissements-de-sante-mentale-et-comportementale-5-choses-a-considerer\/#primaryimage","url":"https:\/\/unicelarchitectural.com\/wp-content\/uploads\/2021\/02\/Photo_AcousticalDesign_786x600.jpg","contentUrl":"https:\/\/unicelarchitectural.com\/wp-content\/uploads\/2021\/02\/Photo_AcousticalDesign_786x600.jpg","width":786,"height":600},{"@type":"BreadcrumbList","@id":"https:\/\/unicelarchitectural.com\/fr\/conception-acoustique-pour-les-etablissements-de-sante-mentale-et-comportementale-5-choses-a-considerer\/#breadcrumb","itemListElement":[{"@type":"ListItem","position":1,"name":"Home","item":"https:\/\/unicelarchitectural.com\/fr\/"},{"@type":"ListItem","position":2,"name":"Conception acoustique pour les \u00e9tablissements de sant\u00e9 mentale et comportementale"}]},{"@type":"WebSite","@id":"https:\/\/unicelarchitectural.com\/fr\/#website","url":"https:\/\/unicelarchitectural.com\/fr\/","name":"Unicel Architectural","description":"","publisher":{"@id":"https:\/\/unicelarchitectural.com\/fr\/#organization"},"potentialAction":[{"@type":"SearchAction","target":{"@type":"EntryPoint","urlTemplate":"https:\/\/unicelarchitectural.com\/fr\/?s={search_term_string}"},"query-input":{"@type":"PropertyValueSpecification","valueRequired":true,"valueName":"search_term_string"}}],"inLanguage":"fr-FR"},{"@type":"Organization","@id":"https:\/\/unicelarchitectural.com\/fr\/#organization","name":"Unicel Architectural","url":"https:\/\/unicelarchitectural.com\/fr\/","logo":{"@type":"ImageObject","inLanguage":"fr-FR","@id":"https:\/\/unicelarchitectural.com\/fr\/#\/schema\/logo\/image\/","url":"https:\/\/unicelarchitectural.com\/wp-content\/uploads\/2020\/11\/FRE-LOGO.jpg","contentUrl":"https:\/\/unicelarchitectural.com\/wp-content\/uploads\/2020\/11\/FRE-LOGO.jpg","width":713,"height":421,"caption":"Unicel Architectural"},"image":{"@id":"https:\/\/unicelarchitectural.com\/fr\/#\/schema\/logo\/image\/"},"sameAs":["https:\/\/www.facebook.com\/UnicelArchitectural\/","https:\/\/x.com\/UnicelArch","https:\/\/www.instagram.com\/unicelarch\/","https:\/\/www.linkedin.com\/company\/unicel-architectural\/","https:\/\/www.youtube.com\/channel\/UCkNCQHzA55XHzdKtKWytuHQ\/"]},{"@type":"Person","@id":"https:\/\/unicelarchitectural.com\/fr\/#\/schema\/person\/92f2125bd0b4aa5984ecb3b302fb7eeb","name":"rbaltayan","image":{"@type":"ImageObject","inLanguage":"fr-FR","@id":"https:\/\/unicelarchitectural.com\/fr\/#\/schema\/person\/image\/","url":"https:\/\/unicelarchitectural.com\/wp-content\/litespeed\/avatar\/f2d223b82f00c4d4704b6d75357aba48.jpg?ver=1777278227","contentUrl":"https:\/\/unicelarchitectural.com\/wp-content\/litespeed\/avatar\/f2d223b82f00c4d4704b6d75357aba48.jpg?ver=1777278227","caption":"rbaltayan"}}]}},"_links":{"self":[{"href":"https:\/\/unicelarchitectural.com\/fr\/wp-json\/wp\/v2\/posts\/20184","targetHints":{"allow":["GET"]}}],"collection":[{"href":"https:\/\/unicelarchitectural.com\/fr\/wp-json\/wp\/v2\/posts"}],"about":[{"href":"https:\/\/unicelarchitectural.com\/fr\/wp-json\/wp\/v2\/types\/post"}],"author":[{"embeddable":true,"href":"https:\/\/unicelarchitectural.com\/fr\/wp-json\/wp\/v2\/users\/4"}],"replies":[{"embeddable":true,"href":"https:\/\/unicelarchitectural.com\/fr\/wp-json\/wp\/v2\/comments?post=20184"}],"version-history":[{"count":0,"href":"https:\/\/unicelarchitectural.com\/fr\/wp-json\/wp\/v2\/posts\/20184\/revisions"}],"wp:featuredmedia":[{"embeddable":true,"href":"https:\/\/unicelarchitectural.com\/fr\/wp-json\/wp\/v2\/media\/20174"}],"wp:attachment":[{"href":"https:\/\/unicelarchitectural.com\/fr\/wp-json\/wp\/v2\/media?parent=20184"}],"wp:term":[{"taxonomy":"category","embeddable":true,"href":"https:\/\/unicelarchitectural.com\/fr\/wp-json\/wp\/v2\/categories?post=20184"},{"taxonomy":"post_tag","embeddable":true,"href":"https:\/\/unicelarchitectural.com\/fr\/wp-json\/wp\/v2\/tags?post=20184"}],"curies":[{"name":"wp","href":"https:\/\/api.w.org\/{rel}","templated":true}]}}